{"id":32095,"date":"2025-09-10T17:50:35","date_gmt":"2025-09-10T20:50:35","guid":{"rendered":"https:\/\/radiosurfm.com\/web\/?p=32095"},"modified":"2025-09-10T17:50:35","modified_gmt":"2025-09-10T20:50:35","slug":"agdb-con-el-triunfo-de-amad-y-atletico-saladas-se-inicio-el-oficial-de-primera-masculino","status":"publish","type":"post","link":"https:\/\/radiosurfm.com\/web\/2025\/09\/10\/agdb-con-el-triunfo-de-amad-y-atletico-saladas-se-inicio-el-oficial-de-primera-masculino\/","title":{"rendered":"AGDB: Con el triunfo de AMAD y Atl\u00e9tico Saladas se inici\u00f3 el oficial de primera masculino"},"content":{"rendered":"<p>El martes 9 de septiembre, en las instalaciones de la Asociaci\u00f3n Goyana de Atletismo (AGDA), dio inicio el Torneo Oficial &#8220;90 Aniversario&#8221; de la primera divisi\u00f3n masculino organizado por la Asociaci\u00f3n Goyana de B\u00e1squet.<\/p>\n<p>Los primeros equipos que vieron volar la naranja en el aire fueron los de AMAD y Uni\u00f3n. Seguidamente, completaron la noche, el due\u00f1o de casa y Atl\u00e9tico Saladas.<\/p>\n<p>RESUMEN.<\/p>\n<p>AMAD 90 &#8211; UNION 81. Parciales: 20\/18 &#8211; 25\/26 &#8211; 31\/16 &#8211; 14\/21<\/p>\n<p>AMAD: Federico Fern\u00e1ndez 26, Natalio Montti 19, Facundo Montti 26, Vicente Montti 13, Ricardo Junco 2, Lorenzo Bruzzo 4. D.T. Juan Humberto L\u00f3pez R\u00edos.<\/p>\n<p>UNI\u00d3N: Mateo Candia 9, Santiago Infante 8, Pedro N\u00fa\u00f1ez 4, Facundo Rojas 10, Atilio Cuevas 9, Daniel Vivaldo 14, Axel Verd\u00fan 20, Francisco Morales 7. D.T. Agust\u00edn Rojas.<\/p>\n<p>AGDA 26 &#8211; ATLETICO SALADAS 71. Parciales: 10\/18 &#8211; 09\/13 &#8211; 07\/26 &#8211; 00\/14<\/p>\n<p>AGDA: Enzo Fern\u00e1ndez 8, Daniel Alderete 6, Daniel Tissera 4, Luciano Falc\u00f3n 4, Diego Holtz 4. D.T. Leonardo Muller.<\/p>\n<p>ATLETICO SALADAS: Fabricio Pizzola 7, Agust\u00edn Niveiro 13, Ramiro Diez 5, Gonzalo Spikerman 5, Mat\u00edas N\u00fa\u00f1ez 9, H\u00e9ctor Fochesatto 8, Rodrigo Stancampiano 5, Leandro Fern\u00e1ndez 5, Tom\u00e1s G\u00f3mez 2, Axel Vallejos 1, Mateo Fern\u00e1ndez 6, H\u00e9ctor Stanco 5. D.T. Roberto Mart\u00ednez.<\/p>\n<p>PROGRAMACI\u00d3N MI\u00c9RCOLES 10.09.25<\/p>\n<p>Cancha JUVENTUD UNIDA &#8211; 21.00 horas &#8211; PRIMERA MASCULINO<\/p>\n<p>EUCALIPTO vs. ISM<br \/>\nJUVENTUD UNIDA vs. ESPA\u00d1OL<\/p>\n","protected":false},"excerpt":{"rendered":"<p>El martes 9 de septiembre, en las instalaciones de la Asociaci\u00f3n Goyana de Atletismo (AGDA), dio inicio el Torneo Oficial &#8220;90 Aniversario&#8221; de la primera divisi\u00f3n masculino organizado por la Asociaci\u00f3n Goyana de B\u00e1squet. Los primeros equipos que vieron volar la naranja en el aire fueron los de AMAD y Uni\u00f3n. Seguidamente, completaron la noche, [&hellip;]<\/p>\n","protected":false},"author":2,"featured_media":29746,"comment_status":"open","ping_status":"open","sticky":false,"template":"","format":"standard","meta":{"footnotes":""},"categories":[83,56],"tags":[],"class_list":["post-32095","post","type-post","status-publish","format-standard","has-post-thumbnail","hentry","category-deporte","category-locales"],"_links":{"self":[{"href":"https:\/\/radiosurfm.com\/web\/wp-json\/wp\/v2\/posts\/32095","targetHints":{"allow":["GET"]}}],"collection":[{"href":"https:\/\/radiosurfm.com\/web\/wp-json\/wp\/v2\/posts"}],"about":[{"href":"https:\/\/radiosurfm.com\/web\/wp-json\/wp\/v2\/types\/post"}],"author":[{"embeddable":true,"href":"https:\/\/radiosurfm.com\/web\/wp-json\/wp\/v2\/users\/2"}],"replies":[{"embeddable":true,"href":"https:\/\/radiosurfm.com\/web\/wp-json\/wp\/v2\/comments?post=32095"}],"version-history":[{"count":0,"href":"https:\/\/radiosurfm.com\/web\/wp-json\/wp\/v2\/posts\/32095\/revisions"}],"wp:featuredmedia":[{"embeddable":true,"href":"https:\/\/radiosurfm.com\/web\/wp-json\/wp\/v2\/media\/29746"}],"wp:attachment":[{"href":"https:\/\/radiosurfm.com\/web\/wp-json\/wp\/v2\/media?parent=32095"}],"wp:term":[{"taxonomy":"category","embeddable":true,"href":"https:\/\/radiosurfm.com\/web\/wp-json\/wp\/v2\/categories?post=32095"},{"taxonomy":"post_tag","embeddable":true,"href":"https:\/\/radiosurfm.com\/web\/wp-json\/wp\/v2\/tags?post=32095"}],"curies":[{"name":"wp","href":"https:\/\/api.w.org\/{rel}","templated":true}]}}