{"id":32097,"date":"2025-09-10T17:54:15","date_gmt":"2025-09-10T20:54:15","guid":{"rendered":"https:\/\/radiosurfm.com\/web\/?p=32097"},"modified":"2025-09-10T17:54:15","modified_gmt":"2025-09-10T20:54:15","slug":"la-camara-del-tabaco-de-corrientes-celebrara-su-asamblea-general-ordinaria","status":"publish","type":"post","link":"https:\/\/radiosurfm.com\/web\/2025\/09\/10\/la-camara-del-tabaco-de-corrientes-celebrara-su-asamblea-general-ordinaria\/","title":{"rendered":"La C\u00e1mara del Tabaco de Corrientes celebrar\u00e1 su Asamblea General Ordinaria"},"content":{"rendered":"<p>La entidad que agrupa a los productores del sector se reunir\u00e1n en Asamblea General Ordinaria el s\u00e1bado 27 de septiembre a la hora 13, en su local de calle Corrientes y San Mart\u00edn. CONVOCATORIA<\/p>\n<p>CONVOCATORIA<\/p>\n<p>Conv\u00f3quese a los se\u00f1ores asociados de la C\u00e1mara del Tabaco de Corrientes, a la Asamblea General Ordinaria que se celebrar\u00e1 en su sede de calle San Martin 201, Departamento de Goya, Provincia de Corrientes, el d\u00eda s\u00e1bado 27 de septiembre de 2025 a las 13:00 Hs. Para tratar el siguiente orden del d\u00eda. 1. Designaci\u00f3n de dos asociados para que, junto con el Presidente y el Secretario firmen el acta en representaci\u00f3n de la Asamblea. 2. Consideraci\u00f3n de la Memoria, Balance General, Estados de Resultados, Anexos, informe de la comisi\u00f3n revisora de cuentas e informe del Auditor, correspondiente al Ejercicio Econ\u00f3mico N\u00ba. 45 cerrado el 31 de diciembre de 2024. 3. Elecci\u00f3n de tres concejeros titulares para ocupar los cargos de presidente, vocal titular primero y vocal titular cuarto, todos por finalizaci\u00f3n de mandato y por el t\u00e9rmino de tres a\u00f1os. 4. Elecci\u00f3n de un consejero titular para ocupar el cargo de vocal titular sexto por el t\u00e9rmino de tres a\u00f1os, cargo que quedara vacante por fallecimiento y finalizaci\u00f3n de mandato. 5. Elecci\u00f3n de dos consejeros suplentes para ocupar los cargos de vocal suplente primero y vocal suplente sexto, todos por finalizaci\u00f3n de mandato y por el t\u00e9rmino de tres a\u00f1os. 6. Autorizar a la Comisi\u00f3n Directiva de la C\u00e1mara del Tabaco el reciclado de documentaci\u00f3n de la obra social aspro hasta el periodo 2015 a efecto de liberar espacio f\u00edsico. 8. Autorizar a la Comisi\u00f3n Directiva de la C\u00e1mara del Tabaco el reciclado de bienes de uso que ya no tiene vida \u00fatil alguna como sillas, equipos de computaci\u00f3n, focos, ventiladores y estufas. NOTA: La Asamblea se desarrollar\u00e1 de acuerdo a lo dispuesto en los Art\u00edculos 43 a 51 del Estatuto Social.<\/p>\n<p>Emiliano Cuevas\u00a0 \u00a0 \u00a0 \u00a0 \u00a0 \u00a0 \u00a0 \u00a0 \u00a0 \u00a0 \u00a0 \u00a0 \u00a0 \u00a0 \u00a0 \u00a0 \u00a0 \u00a0 \u00a0 \u00a0 \u00a0 \u00a0 \u00a0 \u00a0 \u00a0 \u00a0 \u00a0 \u00a0 \u00a0 \u00a0 \u00a0 Ram\u00f3n Federico Romero<br \/>\nSecretario\u00a0 \u00a0 \u00a0 \u00a0 \u00a0 \u00a0 \u00a0 \u00a0 \u00a0 \u00a0 \u00a0 \u00a0 \u00a0 \u00a0 \u00a0 \u00a0 \u00a0 \u00a0 \u00a0 \u00a0 \u00a0 \u00a0 \u00a0 \u00a0 \u00a0 \u00a0 \u00a0 \u00a0 \u00a0 \u00a0 \u00a0 \u00a0 \u00a0 \u00a0 \u00a0 \u00a0 \u00a0 Presidente<\/p>\n","protected":false},"excerpt":{"rendered":"<p>La entidad que agrupa a los productores del sector se reunir\u00e1n en Asamblea General Ordinaria el s\u00e1bado 27 de septiembre a la hora 13, en su local de calle Corrientes y San Mart\u00edn. CONVOCATORIA CONVOCATORIA Conv\u00f3quese a los se\u00f1ores asociados de la C\u00e1mara del Tabaco de Corrientes, a la Asamblea General Ordinaria que se celebrar\u00e1 [&hellip;]<\/p>\n","protected":false},"author":2,"featured_media":30829,"comment_status":"open","ping_status":"open","sticky":false,"template":"","format":"standard","meta":{"footnotes":""},"categories":[56],"tags":[],"class_list":["post-32097","post","type-post","status-publish","format-standard","has-post-thumbnail","hentry","category-locales"],"_links":{"self":[{"href":"https:\/\/radiosurfm.com\/web\/wp-json\/wp\/v2\/posts\/32097","targetHints":{"allow":["GET"]}}],"collection":[{"href":"https:\/\/radiosurfm.com\/web\/wp-json\/wp\/v2\/posts"}],"about":[{"href":"https:\/\/radiosurfm.com\/web\/wp-json\/wp\/v2\/types\/post"}],"author":[{"embeddable":true,"href":"https:\/\/radiosurfm.com\/web\/wp-json\/wp\/v2\/users\/2"}],"replies":[{"embeddable":true,"href":"https:\/\/radiosurfm.com\/web\/wp-json\/wp\/v2\/comments?post=32097"}],"version-history":[{"count":0,"href":"https:\/\/radiosurfm.com\/web\/wp-json\/wp\/v2\/posts\/32097\/revisions"}],"wp:featuredmedia":[{"embeddable":true,"href":"https:\/\/radiosurfm.com\/web\/wp-json\/wp\/v2\/media\/30829"}],"wp:attachment":[{"href":"https:\/\/radiosurfm.com\/web\/wp-json\/wp\/v2\/media?parent=32097"}],"wp:term":[{"taxonomy":"category","embeddable":true,"href":"https:\/\/radiosurfm.com\/web\/wp-json\/wp\/v2\/categories?post=32097"},{"taxonomy":"post_tag","embeddable":true,"href":"https:\/\/radiosurfm.com\/web\/wp-json\/wp\/v2\/tags?post=32097"}],"curies":[{"name":"wp","href":"https:\/\/api.w.org\/{rel}","templated":true}]}}