{"id":32099,"date":"2025-09-10T18:06:21","date_gmt":"2025-09-10T21:06:21","guid":{"rendered":"https:\/\/radiosurfm.com\/web\/?p=32099"},"modified":"2025-09-10T18:06:21","modified_gmt":"2025-09-10T21:06:21","slug":"pesar-por-la-muerte-del-ex-diputado-provincial-alberto-yardin","status":"publish","type":"post","link":"https:\/\/radiosurfm.com\/web\/2025\/09\/10\/pesar-por-la-muerte-del-ex-diputado-provincial-alberto-yardin\/","title":{"rendered":"Pesar por la muerte del ex diputado provincial, Alberto Yardin"},"content":{"rendered":"<div>El ex diputado provincial y referente del Partido Justicialista, Alberto \u201cLoro\u201d Yard\u00edn muri\u00f3 este mi\u00e9rcoles por la ma\u00f1ana en la localidad correntina de Paso de los Libres.<\/div>\n<div><\/div>\n<div>Seg\u00fan las primeras informaciones, su cuerpo fue hallado sin vida en su estudio notarial. La familia y allegados ya fueron notificados, y se pidi\u00f3 respeto por la privacidad en este momento de dolor.<\/div>\n<div><\/div>\n<div>Yard\u00edn fue una figura activa en la vida pol\u00edtica y social de la ciudad de Paso de los Libres. Su rol como presidente del Partido Justicialista libre\u00f1o y su paso por la Legislatura lo convirtieron en un referente conocido y respetado por diversos sectores de la comunidad.<\/div>\n<div><\/div>\n<div>La noticia gener\u00f3 un profundo pesar en el \u00e1mbito pol\u00edtico y entre los vecinos comunales, donde Yard\u00edn era valorado tanto por su trayectoria como por su trato personal.<\/div>\n<div><\/div>\n<div>En sus redes sociales, Mart\u00edn &#8220;Tincho&#8221; Asc\u00faa lo despidi\u00f3 a su compa\u00f1ero con una palabras conmovedoras: &#8220;Con profundo dolor nos toca despedir a un hist\u00f3rico militante de Paso de los Libres, el Loro Yardin. Un compa\u00f1ero de todas las luchas, que siempre estuvo en la calle, en las reuniones, en cada campa\u00f1a, llevando la bandera bien en alto y demostrando que la pol\u00edtica se hace con compromiso y con el coraz\u00f3n&#8221;, expres\u00f3.<\/div>\n<div><\/div>\n<div>Adem\u00e1s, agreg\u00f3 que &#8220;fue una personas que supo estar al lado de sus compa\u00f1eros y compa\u00f1eras en los momentos m\u00e1s dif\u00edciles y tambi\u00e9n en los m\u00e1s felices, con la convicci\u00f3n de que organizarse y militar es el camino para transformar realidades&#8221;.<\/div>\n<div><\/div>\n<div>Por el momento, se siguen investigando las causa del deceso. En este contexto, y en el d\u00eda mundial de la prevenci\u00f3n del suicidio, se recuerda que ante situaciones de crisis o pensamientos de autolesi\u00f3n, existen l\u00edneas de contenci\u00f3n disponibles.<\/div>\n<div><\/div>\n<div>En Argentina, las personas pueden comunicarse de forma gratuita y confidencial con la L\u00ednea de Prevenci\u00f3n del Suicidio al 135 (desde CABA y Gran Buenos Aires), al 911 desde cualquier parte del pa\u00eds, o buscar ayuda en centros de salud mental.<\/div>\n<div><\/div>\n<div>La comunidad libre\u00f1a despide a Alberto Yard\u00edn con respeto y acompa\u00f1a en el dolor a sus seres queridos.<\/div>\n<div><\/div>\n","protected":false},"excerpt":{"rendered":"<p>El ex diputado provincial y referente del Partido Justicialista, Alberto \u201cLoro\u201d Yard\u00edn muri\u00f3 este mi\u00e9rcoles por la ma\u00f1ana en la localidad correntina de Paso de los Libres. Seg\u00fan las primeras informaciones, su cuerpo fue hallado sin vida en su estudio notarial. La familia y allegados ya fueron notificados, y se pidi\u00f3 respeto por la privacidad [&hellip;]<\/p>\n","protected":false},"author":2,"featured_media":32100,"comment_status":"open","ping_status":"open","sticky":false,"template":"","format":"standard","meta":{"footnotes":""},"categories":[72],"tags":[],"class_list":["post-32099","post","type-post","status-publish","format-standard","has-post-thumbnail","hentry","category-provinciales"],"_links":{"self":[{"href":"https:\/\/radiosurfm.com\/web\/wp-json\/wp\/v2\/posts\/32099","targetHints":{"allow":["GET"]}}],"collection":[{"href":"https:\/\/radiosurfm.com\/web\/wp-json\/wp\/v2\/posts"}],"about":[{"href":"https:\/\/radiosurfm.com\/web\/wp-json\/wp\/v2\/types\/post"}],"author":[{"embeddable":true,"href":"https:\/\/radiosurfm.com\/web\/wp-json\/wp\/v2\/users\/2"}],"replies":[{"embeddable":true,"href":"https:\/\/radiosurfm.com\/web\/wp-json\/wp\/v2\/comments?post=32099"}],"version-history":[{"count":0,"href":"https:\/\/radiosurfm.com\/web\/wp-json\/wp\/v2\/posts\/32099\/revisions"}],"wp:featuredmedia":[{"embeddable":true,"href":"https:\/\/radiosurfm.com\/web\/wp-json\/wp\/v2\/media\/32100"}],"wp:attachment":[{"href":"https:\/\/radiosurfm.com\/web\/wp-json\/wp\/v2\/media?parent=32099"}],"wp:term":[{"taxonomy":"category","embeddable":true,"href":"https:\/\/radiosurfm.com\/web\/wp-json\/wp\/v2\/categories?post=32099"},{"taxonomy":"post_tag","embeddable":true,"href":"https:\/\/radiosurfm.com\/web\/wp-json\/wp\/v2\/tags?post=32099"}],"curies":[{"name":"wp","href":"https:\/\/api.w.org\/{rel}","templated":true}]}}