{"id":32102,"date":"2025-09-10T18:19:44","date_gmt":"2025-09-10T21:19:44","guid":{"rendered":"https:\/\/radiosurfm.com\/web\/?p=32102"},"modified":"2025-09-10T18:19:44","modified_gmt":"2025-09-10T21:19:44","slug":"el-hcd-goya-aprobo-la-incorporacion-de-fondos-de-afectacion-especifica-no-reintegrables-de-la-provincia-por-45-millones-para-la-fiesta-del-surubi","status":"publish","type":"post","link":"https:\/\/radiosurfm.com\/web\/2025\/09\/10\/el-hcd-goya-aprobo-la-incorporacion-de-fondos-de-afectacion-especifica-no-reintegrables-de-la-provincia-por-45-millones-para-la-fiesta-del-surubi\/","title":{"rendered":"El HCD Goya aprob\u00f3 la incorporaci\u00f3n de Fondos de afectaci\u00f3n espec\u00edfica no reintegrables de la Provincia por $ 45 millones para la Fiesta del Surub\u00ed"},"content":{"rendered":"<p>Se trata de una Incorporaci\u00f3n Presupuestaria de fondos de apoyo econ\u00f3mico no reintegrable por la suma de $ 45.980.00,00 destinado a la compra de premios en la pasada 48\u00b0 Fiesta Nacional del Surub\u00ed. De la sesi\u00f3n tomaron parte estudiantes del Instituto Superior Goya. Y en el libre uso de la palabra varios ediles se expresaron sobre el Dia Mundial de la Prevenci\u00f3n del Suicidio.<\/p>\n<div>La 10\u00b0 sesi\u00f3n ordinaria del a\u00f1o del Concejo Deliberante de Goya, fue presidida por el Vicepresidente 1\u00b0 del Cuerpo, doctor Marcelo Frattini, y en su transcurso se aprob\u00f3 por unanimidad la incorporaci\u00f3n de Fondos de afectaci\u00f3n espec\u00edfica no reintegrables de la Provincia por $ 45.980.00,00, que se destin\u00f3 a la compra de premios en la 48\u00b0 Fiesta Nacional del Surub\u00ed que se realiz\u00f3 desde el 28 de abril al 04 de mayo del corriente a\u00f1o.<\/div>\n<div><\/div>\n<div>De la sesi\u00f3n tomaron parte estudiantes del Instituto Superior Goya, as\u00ed como tambi\u00e9n la concejal electa Ver\u00f3nica Ramirez (CC-ARI).<\/div>\n<div><\/div>\n<div>\u00a0En el libre uso de la palabra varios concejales se expresaron sobre el Dia Mundial de la Prevenci\u00f3n del Suicidio, una jornada de concientizaci\u00f3n que se conmemora anualmente el 10 de septiembre desde 2003, establecido ese mismo a\u00f1o por la Organizaci\u00f3n Mundial de la Salud.<\/div>\n<div><\/div>\n<div>Tras la bienvenida a los ediles presentes por parte del Vicepresidente 1 Frattini, la Secretaria a cargo del Cuerpo, doctora Mara Bascoy dio lectura del Orden del D\u00eda, tras lo cual fue puesta a consideraci\u00f3n y aprobada el acta de la \u00faltima sesi\u00f3n del HCD.<\/div>\n<div><\/div>\n<div><b>PROYECTOS PRESENTADOS<\/b><\/div>\n<div><\/div>\n<div>Luego se conocieron los proyectos presentados Fue el siguiente:<\/div>\n<div>* Proyecto de ordenanza: Difusi\u00f3n de la l\u00ednea 145. Autor Gabriela Refojos. Presentado por Quiroz y Refojos. La iniciativa fue remitida a la Comisi\u00f3n de Salud para su tratamiento.<\/div>\n<div><\/div>\n<div><b>INCORPORACI\u00d3N $ 45.980.000<\/b><\/div>\n<div><\/div>\n<div>Seguidamente los concejales aprobaron por unanimidad el proyecto de Incorporaci\u00f3n Presupuestaria de Fondos de afectaci\u00f3n espec\u00edfica no reintegrables de la Provincia por la suma de $ 45.980.00,00 para la compra de dos motores de lancha fuera de borda, que se entregaron en el marco de la 48\u00b0 Fiesta Nacional del Surub\u00ed que se realiz\u00f3 en nuestra ciudad del 28 de abril al 04 de mayo del corriente a\u00f1o.<\/div>\n<div><\/div>\n<div>En su parte resolutiva, el proyecto aprobado establece:<\/div>\n<div><\/div>\n<div>ART\u00cdCULO 1\u00ba: INCORPORAR LOS APORTES DE AFECTACI\u00d3N ESPECIF\u00cdCA por la suma de PESOS CUARENTA Y CINCO MILLONES NOVECIENTOS OCHENTA MIL ($45.980.000,00) el que ser\u00e1 registrado en la partida presupuestaria 1.0.00.1.02.03 \u201cFiesta Nacional del Surub\u00ed\u201d.<\/div>\n<div><\/div>\n<div>ART\u00cdCULO 2\u00ba: AUMENTAR LA PARTIDA PRESUPUESTARIA DE IMPUTACI\u00d3N 2.1.1.1.01.16.1.3.50 \u201cACTUACIONES Y PREMIOS PARA EVENTOS Y FIESTAS\u201d POR LA SUMA DE PESOS CUARENTA Y CINCO MILLONES NOVECIENTOS OCHENTA MIL ($45.980.000,00).<\/div>\n<div><\/div>\n<div>ARTICULO 3\u00ba: COMUN\u00cdQUESE, PUBL\u00cdQUESE, D\u00c9SE AL R.M., s\u00e1quese copia para Secretar\u00eda de Hacienda y Econom\u00eda, Asesor\u00eda Letrada, Secretar\u00edas del D.E.M., H.C.D., y oportunamente ARCHIVESE.<\/div>\n<div><\/div>\n<div><i><b>Concejal Sebasti\u00e1n Mazzaro:<\/b><\/i><\/div>\n<div><\/div>\n<div>La fundamentaci\u00f3n del proyecto la llev\u00f3 a cabo el presidente de la Comisi\u00f3n de Econom\u00eda, el concejal Sebasti\u00e1n Mazzaro.<\/div>\n<div>El edil del Partido Popular explic\u00f3 que se trata de fondos ya recibidos de Provincia al Municipio. \u201cEs un aporte para nuestra Fiesta Nacional del Surub\u00ed, para la compra de dos motores de lancha\u201d, precis\u00f3 y se\u00f1al\u00f3 que al Cuerpo le toca \u201ccumplir con la formalidad y con la Ley de Administraci\u00f3n Financiera como as\u00ed tambi\u00e9n las leyes nacionales de Responsabilidad Fiscal, de hacer la incorporaci\u00f3n al Presupuesto, incrementando la partida de recursos y la correspondiente utilizaci\u00f3n de los mismos\u201d.<\/div>\n<div><\/div>\n<div>Por todo ello, Mazzaro sostuvo que corresponde que el Concejo haga la incorporaci\u00f3n presupuestaria, la que luego dijo se ver\u00e1 reflejado en el Balance anual 2025 y pidi\u00f3 el acompa\u00f1amiento de sus pares. Puesto a consideraci\u00f3n, el proyecto fue aprobado por unanimidad.<\/div>\n<div><\/div>\n<div><b>ARCHIVO DE EXPEDIENTE<\/b><\/div>\n<div><\/div>\n<div>Despu\u00e9s se trat\u00f3 y aprob\u00f3 el env\u00edo a Archivo por perdida de vigencia legislativa del proyecto de ordenanza con Despacho de Comisi\u00f3n, expediente N\u00b03.224\/22 (P.O s\/ Declarar ZONAS LIBRES DE QUEMAS a las reservas naturales de jurisdicci\u00f3n municipal).<\/div>\n<div><\/div>\n<div><b>LIBRE USO DE LA PALABRA<\/b><\/div>\n<div><\/div>\n<div>Tras haberse analizados los temas que conformaron el Orden de D\u00eda, el Vice Intendente 1\u00b0 del Cuerpo, invit\u00f3 a los ediles a expresarse en el Libre Uso de la Palabra.<\/div>\n<div><\/div>\n<div><i><b>Concejal Mazzaro<\/b><\/i><\/div>\n<div><\/div>\n<div>El primero en hacer uso de este derecho fue el concejal Sebasti\u00e1n Mazzaro. El edil hizo hincapi\u00e9 en el D\u00eda Mundial de la Prevenci\u00f3n del Suicidio que se conmemora este 10 de septiembre.<\/div>\n<div>Consider\u00f3 necesario hacer \u201calgunas menciones para visibilizar la problem\u00e1tica, para concientizar y entender que es un problema y una problem\u00e1tica que nos incumbe y nos debe involucrar a todos\u201d, e incluy\u00f3 en el todos al estado y a los ciudadanos.<\/div>\n<div>Record\u00f3 que el estado provincial oportunamente se adhiri\u00f3 a la Ley nacional de Prevenci\u00f3n del Suicidio y lo propio ocurri\u00f3 a nivel municipal. \u201cNo solo nos adherimos el a\u00f1o pasado a las normas, sino que tambi\u00e9n hicimos un proyecto que trata de atender esta problem\u00e1tica, prevenci\u00f3n del suicidio y postvenci\u00f3n agregamos ac\u00e1. As\u00ed que este Concejo Deliberante ha dado un paso importante en lo normativo y ese paso importante tambi\u00e9n lo va dando de a poco el Ejecutivo Municipal\u201d, indic\u00f3.<\/div>\n<div><\/div>\n<div>Sostuvo, sin embargo, que \u201ctenemos que seguir concientizando, seguir entendiendo que es un problema de todos. Ac\u00e1 no se trata solo de que el Estado act\u00fae, sino tambi\u00e9n entender que las familias tenemos que prestar mucha atenci\u00f3n, prestar mucho el o\u00eddo, saber escuchar a nuestros hijos, a nuestros amigos y en el caso de los docentes, a los alumnos. Es un problema que a veces nos impacta y a Goya le viene impactando muy fuerte y muchas veces por falta de escucha\u201d, remarc\u00f3 Mazzaro.<\/div>\n<div><\/div>\n<div>En el final de su alocuci\u00f3n volvi\u00f3 a recalcar la necesidad que todos deben involucrarse en aportar su granito de arena en esta problem\u00e1tica. \u201cEntre todos lo podemos solucionar y que realmente se lleva a la pr\u00e1ctica una frase que hay en campa\u00f1a de este estilo, donde dice que cuando creemos que solo no podemos, tampoco solo estamos. As\u00ed que, dig\u00e1mosle s\u00ed a la vida y concienticemos sobre esta cuesti\u00f3n apoyando y llevando adelante pol\u00edticas que permitan por lo menos ir combatiendo esta problem\u00e1tica\u201d, subray\u00f3 el edil.<\/div>\n<div><\/div>\n<div><b><i>Concejal Merlo:<\/i><\/b><\/div>\n<div><\/div>\n<div>A su turno, la concejal Vivian Merlo (UCR), se adhiri\u00f3 a lo expresado por Sebasti\u00e1n Mazzaro e invito a sus pares y los presentes a la misa que habr\u00e1 hoy, a las 19,30, en la Iglesia Catedral.<\/div>\n<div><\/div>\n<div>Asimismo, record\u00f3 que habr\u00e1 otra celebraci\u00f3n, a las 20,30 hs, a cielo abierto en plaza Mitre con el lema \u201cAyudarnos a cuidar la vida\u201d.<\/div>\n<div><\/div>\n<div>\u201cEst\u00e1n todos invitados y tambi\u00e9n la ciudadan\u00eda a participar\u201d, dijo Merlo al tiempo que agradeci\u00f3 a los estudiantes del Instituto Superior Goya que participaron de la sesi\u00f3n del Cuerpo Legislativo.<\/div>\n<div><\/div>\n<div><i><b>Concejal Gortari:<\/b><\/i><\/div>\n<div><\/div>\n<div>Despu\u00e9s habl\u00f3 la concejal Cecilia Gortari (UxP) quien record\u00f3 que el \u00faltimo domingo se realiz\u00f3 la carrera solidaria de la Fundaci\u00f3n Onco Infanto Juvenil y que no se la pudo declarar de inter\u00e9s municipal porque el Cuerpo no sesion\u00f3.<\/div>\n<div><\/div>\n<div>Mas all\u00e1 de esta cuesti\u00f3n, se\u00f1al\u00f3 que quer\u00eda no solo mencionar la carrera sino tambi\u00e9n destacar \u201cla labor que a diario lleva adelante la Fundaci\u00f3n Onco Infanto Juvenil de Goya&#8221;.<\/div>\n<div><\/div>\n<div>Afirm\u00f3 que lo hace &#8220;apoyando y acompa\u00f1ando a los pacientes onco pedi\u00e1tricos y sus familias y sobre todo teniendo en cuenta que en este momento se est\u00e1 impulsando la promulgaci\u00f3n de la Ley de Financiamiento de la Salud P\u00fablica Pedi\u00e1trica que hoy est\u00e1 en una situaci\u00f3n cr\u00edtica debido a los recortes presupuestarios que el gobierno nacional impone\u201d, dijo la edil.<\/div>\n<div><\/div>\n<div><b><i>Concejal Refojos:<\/i><\/b><\/div>\n<div>\n<div>La concejal Gabriela Refojos (PRO) tambi\u00e9n hizo suyas las palabras expresadas por Mazzaro.<\/div>\n<div><\/div>\n<div>Y como una ciudadana m\u00e1s, \u201cmam\u00e1 y docente que soy\u201d, invit\u00f3 a la comunidad a que \u201cestemos m\u00e1s alertas, que miremos, que prestemos atenci\u00f3n a lo que sucede a nuestro alrededor, en nuestra casa profundamente para poder de esta manera ayudar hacia afuera.<\/div>\n<div><\/div>\n<div>Debemos estar bien interiormente para poder estar bien con el exterior\u201d, enfatiz\u00f3 y pidi\u00f3 a sus pares \u201cseguir concientizando mucho m\u00e1s\u201d sobre el suicidio.<\/div>\n<div><\/div>\n<div>Refajos ponder\u00f3 asimismo la Marat\u00f3n Onco Infanto Juvenil.<\/div>\n<div><\/div>\n<div>\u201cFue una carrera exitosa, no pude estar presente\u201d, dijo y acot\u00f3 que la declaraci\u00f3n de inter\u00e9s pudo haber salido por presidencia del HCD.<\/div>\n<div><\/div>\n<div><i><b>Concejal Ferrero:<\/b><\/i><\/div>\n<div><i><b>\u00a0<\/b><\/i><\/div>\n<div>Desde el bloque de Uni\u00f3n por la Patria, el concejal Oscar Ferrero coincidi\u00f3 con lo dicho por Mazzaro y sostuvo que \u201cning\u00fan agregado, ning\u00fan esfuerzo que se aplique sobre la prevenci\u00f3n (al suicidio) est\u00e1 de m\u00e1s\u201d.<\/div>\n<div><\/div>\n<div>Y desde lo deportivo coment\u00f3 que este fin de semana se va realizar en la ciudad de Curuz\u00fa Cuati\u00e1 un torneo de Tae Kwon Do ITF y van a participar m\u00e1s de 30 chicos de Goya.<\/div>\n<div><\/div>\n<div><i><b>Concejal Frattini:<\/b><\/i><\/div>\n<div><\/div>\n<div>Antes de dar por finalizada la sesi\u00f3n, el concejal Frattini agradeci\u00f3 a los estudiantes del Instituto Superior Goya \u201cque vinieron a conocer una sesi\u00f3n\u201d, al tiempo que felicit\u00f3 \u201ca todas las fuerzas pol\u00edticas por el acto democr\u00e1tico del 31 de agosto. Realmente fue un acto c\u00edvico que fortalece nuestra democracia y as\u00ed lo tenemos que seguir sosteniendo para tener un pa\u00eds, una ciudad y una provincia como corresponde,\u201d, dijo tras lo cual y al no haber m\u00e1s interesados en el uso de la palabra, el Vice presidente 1\u00b0 dio por finalizada la sesi\u00f3n.<\/div>\n<\/div>\n","protected":false},"excerpt":{"rendered":"<p>Se trata de una Incorporaci\u00f3n Presupuestaria de fondos de apoyo econ\u00f3mico no reintegrable por la suma de $ 45.980.00,00 destinado a la compra de premios en la pasada 48\u00b0 Fiesta Nacional del Surub\u00ed. De la sesi\u00f3n tomaron parte estudiantes del Instituto Superior Goya. Y en el libre uso de la palabra varios ediles se expresaron [&hellip;]<\/p>\n","protected":false},"author":2,"featured_media":28131,"comment_status":"open","ping_status":"open","sticky":false,"template":"","format":"standard","meta":{"footnotes":""},"categories":[56,66],"tags":[],"class_list":["post-32102","post","type-post","status-publish","format-standard","has-post-thumbnail","hentry","category-locales","category-politica-nacionales"],"_links":{"self":[{"href":"https:\/\/radiosurfm.com\/web\/wp-json\/wp\/v2\/posts\/32102","targetHints":{"allow":["GET"]}}],"collection":[{"href":"https:\/\/radiosurfm.com\/web\/wp-json\/wp\/v2\/posts"}],"about":[{"href":"https:\/\/radiosurfm.com\/web\/wp-json\/wp\/v2\/types\/post"}],"author":[{"embeddable":true,"href":"https:\/\/radiosurfm.com\/web\/wp-json\/wp\/v2\/users\/2"}],"replies":[{"embeddable":true,"href":"https:\/\/radiosurfm.com\/web\/wp-json\/wp\/v2\/comments?post=32102"}],"version-history":[{"count":0,"href":"https:\/\/radiosurfm.com\/web\/wp-json\/wp\/v2\/posts\/32102\/revisions"}],"wp:featuredmedia":[{"embeddable":true,"href":"https:\/\/radiosurfm.com\/web\/wp-json\/wp\/v2\/media\/28131"}],"wp:attachment":[{"href":"https:\/\/radiosurfm.com\/web\/wp-json\/wp\/v2\/media?parent=32102"}],"wp:term":[{"taxonomy":"category","embeddable":true,"href":"https:\/\/radiosurfm.com\/web\/wp-json\/wp\/v2\/categories?post=32102"},{"taxonomy":"post_tag","embeddable":true,"href":"https:\/\/radiosurfm.com\/web\/wp-json\/wp\/v2\/tags?post=32102"}],"curies":[{"name":"wp","href":"https:\/\/api.w.org\/{rel}","templated":true}]}}