{"id":32109,"date":"2025-09-10T18:39:58","date_gmt":"2025-09-10T21:39:58","guid":{"rendered":"https:\/\/radiosurfm.com\/web\/?p=32109"},"modified":"2025-09-10T18:39:58","modified_gmt":"2025-09-10T21:39:58","slug":"con-un-fuerte-operativo-policial-jubilados-y-jubiladas-vuelven-a-marchar-en-el-congreso","status":"publish","type":"post","link":"https:\/\/radiosurfm.com\/web\/2025\/09\/10\/con-un-fuerte-operativo-policial-jubilados-y-jubiladas-vuelven-a-marchar-en-el-congreso\/","title":{"rendered":"Con un fuerte operativo policial, jubilados y jubiladas vuelven a marchar en el Congreso"},"content":{"rendered":"<p>La ministra Seguridad, Patricia Bullrich, volvi\u00f3 a desplegar un importante\u00a0<b>operativo de seguridad<\/b>\u00a0en los alrededores del\u00a0<b>Congreso<\/b>, donde jubilados, sindicatos y otras organizaciones marchan en reclamo de un aumento para el sector previsional y en contra de los vetos del presidente Javier Milei a las leyes de financiamiento universitario y emergencia en pediatr\u00eda.<\/p>\n<p>A diferencia de la habitual represi\u00f3n de los mi\u00e9rcoles, donde el Gobierno suele desplegar toda su violencia hacia los m\u00e1s vulnerables, en esta oportunidad la movilizaci\u00f3n se desarrolla sin incidentes, aunque<b>\u00a0la zona amaneci\u00f3 vallada y hay varias calles cortadas.\u00a0<\/b><\/p>\n<p>Este mi\u00e9rcoles marchan frente al Congreso jubilados, sindicatos y otras agrupaciones que organizan una<b>\u00a0\u201cJornada nacional de lucha\u201d<\/b>\u00a0que consistir\u00e1 en una movilizaci\u00f3n desde Congreso a Plaza de Mayo, con fecha a definir.\u00a0<b>\u201cBasta de estos gobiernos de coimeros y ajustadores. Por un paro de 36 horas y plan de lucha para derrotar el ajuste de Milei, los gobernadores y el FMI\u201d<\/b>, es el lema de la convocatoria.<\/p>\n<p>Entre los manifestantes presentes en el Congreso se encuentra el\u00a0<b>pap\u00e1<\/b>\u00a0de\u00a0<b>Pablo Grillo<\/b>, el fotoperiodista que casi pierde su vida por la represi\u00f3n ordenada por Bullrich en la marcha de jubilados del 12 de marzo pasado. &#8220;<b>Tengo mucha bronca, pero hay que canalizarla. Por eso estamos ac\u00e1.<\/b>\u00a0Y la estamos canalizando como tambi\u00e9n lo est\u00e1n haciendo nuestros compa\u00f1eros jubilados\u201d, dijo Fabi\u00e1n Grillo.<\/p>\n<p>D\u00edas atr\u00e1s, el Gobierno oficializ\u00f3 una\u00a0suba de apenas el 1,9%\u00a0en las jubilaciones de septiembre, basada en el \u00cdndice de Precios al Consumidor (IPC) de julio. El haber m\u00ednimo garantizado vigente para este mes ser\u00e1 de $ 320.277,17, mientras que el m\u00e1ximo ser\u00e1 de $2.155.162,17. Asimismo se estableci\u00f3 que las bases imponibles m\u00ednima y m\u00e1xima ser\u00e1n de $ 107.869,29 y de $ 3.505.701,35, respectivamente.<\/p>\n<p>Este mi\u00e9rcoles, la Ciudad de Buenos Aires tambi\u00e9n es sede de\u00a0una\u00a0jornada con \u201cclases p\u00fablicas, paneles y reuniones\u201d\u00a0que realiza la Asociaci\u00f3n Gremial Docente de la Universidad de Buenos Aires (AGD-UBA) en Plaza de Mayo para reclamar la apertura de paritarias y el cumplimiento de la ley de Financiamiento Universitario.<\/p>\n<p>&nbsp;<\/p>\n","protected":false},"excerpt":{"rendered":"<p>La ministra Seguridad, Patricia Bullrich, volvi\u00f3 a desplegar un importante\u00a0operativo de seguridad\u00a0en los alrededores del\u00a0Congreso, donde jubilados, sindicatos y otras organizaciones marchan en reclamo de un aumento para el sector previsional y en contra de los vetos del presidente Javier Milei a las leyes de financiamiento universitario y emergencia en pediatr\u00eda. A diferencia de la [&hellip;]<\/p>\n","protected":false},"author":2,"featured_media":32110,"comment_status":"open","ping_status":"open","sticky":false,"template":"","format":"standard","meta":{"footnotes":""},"categories":[64],"tags":[],"class_list":["post-32109","post","type-post","status-publish","format-standard","has-post-thumbnail","hentry","category-nacionales"],"_links":{"self":[{"href":"https:\/\/radiosurfm.com\/web\/wp-json\/wp\/v2\/posts\/32109","targetHints":{"allow":["GET"]}}],"collection":[{"href":"https:\/\/radiosurfm.com\/web\/wp-json\/wp\/v2\/posts"}],"about":[{"href":"https:\/\/radiosurfm.com\/web\/wp-json\/wp\/v2\/types\/post"}],"author":[{"embeddable":true,"href":"https:\/\/radiosurfm.com\/web\/wp-json\/wp\/v2\/users\/2"}],"replies":[{"embeddable":true,"href":"https:\/\/radiosurfm.com\/web\/wp-json\/wp\/v2\/comments?post=32109"}],"version-history":[{"count":0,"href":"https:\/\/radiosurfm.com\/web\/wp-json\/wp\/v2\/posts\/32109\/revisions"}],"wp:featuredmedia":[{"embeddable":true,"href":"https:\/\/radiosurfm.com\/web\/wp-json\/wp\/v2\/media\/32110"}],"wp:attachment":[{"href":"https:\/\/radiosurfm.com\/web\/wp-json\/wp\/v2\/media?parent=32109"}],"wp:term":[{"taxonomy":"category","embeddable":true,"href":"https:\/\/radiosurfm.com\/web\/wp-json\/wp\/v2\/categories?post=32109"},{"taxonomy":"post_tag","embeddable":true,"href":"https:\/\/radiosurfm.com\/web\/wp-json\/wp\/v2\/tags?post=32109"}],"curies":[{"name":"wp","href":"https:\/\/api.w.org\/{rel}","templated":true}]}}