{"id":32115,"date":"2025-09-10T18:47:58","date_gmt":"2025-09-10T21:47:58","guid":{"rendered":"https:\/\/radiosurfm.com\/web\/?p=32115"},"modified":"2025-09-10T18:47:58","modified_gmt":"2025-09-10T21:47:58","slug":"milei-busca-seducir-a-los-gobernadores-y-reflota-el-ministerio-del-interior","status":"publish","type":"post","link":"https:\/\/radiosurfm.com\/web\/2025\/09\/10\/milei-busca-seducir-a-los-gobernadores-y-reflota-el-ministerio-del-interior\/","title":{"rendered":"Milei busca seducir a los gobernadores y reflota el Ministerio del Interior"},"content":{"rendered":"<p>El\u00a0<b>Gobierno nacional design\u00f3 a Lisandro Catal\u00e1n como el flamante titular del Ministerio del Interior<\/b>, una cartera que hab\u00eda cerrado hace m\u00e1s de un a\u00f1o y que decidi\u00f3 reflotar para\u00a0<b>relanzar el di\u00e1logo con los gobernadores aliados que comenzaron a darle la espalda tras la dura derrota electoral en la provincia de Buenos Aires.<\/b><\/p>\n<p>El anuncio fue hecho por el jefe de Gabinete, Guillermo Francos, a trav\u00e9s de un mensaje en el que indic\u00f3 que<b>\u00a0el nuevo funcionario ser\u00e1 parte de la \u201cmesa federal\u201d creada por la \u201cmesa pol\u00edtica\u201d que ayer se reuni\u00f3 en Casa de Gobierno<\/b>\u00a0y que est\u00e1 integrada por los\u00a0<b>mismos funcionarios que desde hace dos a\u00f1os integran la \u201cmesa chica\u201d del Presidente.<\/b><\/p>\n<p>Catal\u00e1n ser\u00e1 parte de esa nueva mesa ideada por el presidente Javier Milei que tambi\u00e9n estar\u00e1 integrada por Francos y el titular del Palacio de Hacienda, Luis Caputo.<b> Juntos tendr\u00e1n \u201cel objetivo de retomar el di\u00e1logo con los gobernadores afines\u201d, afirm\u00f3 el jefe de ministros.<\/b><\/p>\n<p>\u201cEn esta nueva etapa en que consideramos imprescindible implementar las reformas estructurales en las que hemos trabajado,\u00a0<b>estamos dispuestos a profundizar los v\u00ednculos con las provincias que comparten el esp\u00edritu de cambio\u201d, a\u00f1adi\u00f3 Francos.<\/b><\/p>\n<p>El Ministerio del Interior hab\u00eda sido reducido a secretar\u00eda en junio de 2024 tras la salida del aquel entonces jefe de Gabinete Nicol\u00e1s Posse, reemplazado por Francos.<\/p>\n<h2>Qui\u00e9n es Lisandro Catal\u00e1n<\/h2>\n<p>El nuevo ministro del Interior naci\u00f3 en Tucum\u00e1n, es abogado e<b>\u00a0hijo de Juan Jos\u00e9 Catal\u00e1n, quien fuera ministro de Educaci\u00f3n entre 1977 y 1978 durante la \u00faltima dictadura c\u00edvico-militar<\/b>. Se lo recuerda por ser el autor de los manuales que el gobierno de facto de Jorge Rafael Videla reparti\u00f3 entre los docentes para \u201cdetectar actividades subversivas\u201d en las escuelas.<\/p>\n<p><b>Lisandro Catal\u00e1n ser\u00e1 a partir de hoy el interlocutor del Gobierno ante los gobernadores aliados<\/b>, aunque en los hechos ya ten\u00eda ese rol. Ya formaba parte del Gabinete como n\u00famero dos de Francos desde la novedosa<b>\u00a0vicejefatura de Gabinete del Interior<\/b>\u00a0y anteriormente se hab\u00eda desempe\u00f1ado como Secretario de Interior, un cargo que qued\u00f3 disuelto tras su salida.<\/p>\n<p>Antes de ello hab\u00eda ocupado, siempre junto a Francos, un cargo en el Banco Provincia durante la gobernaci\u00f3n bonaerense de Daniel Scioli.\u00a0<b>En 2016 fue parte del gobierno de Mauricio Macri como funcionario del Ministerio de Justicia, y en 2023 ocup\u00f3 la secretar\u00eda del Interior cuando Francos estuvo al frente de ese ministerio.<\/b><\/p>\n","protected":false},"excerpt":{"rendered":"<p>El\u00a0Gobierno nacional design\u00f3 a Lisandro Catal\u00e1n como el flamante titular del Ministerio del Interior, una cartera que hab\u00eda cerrado hace m\u00e1s de un a\u00f1o y que decidi\u00f3 reflotar para\u00a0relanzar el di\u00e1logo con los gobernadores aliados que comenzaron a darle la espalda tras la dura derrota electoral en la provincia de Buenos Aires. El anuncio fue [&hellip;]<\/p>\n","protected":false},"author":2,"featured_media":32116,"comment_status":"open","ping_status":"open","sticky":false,"template":"","format":"standard","meta":{"footnotes":""},"categories":[64],"tags":[],"class_list":["post-32115","post","type-post","status-publish","format-standard","has-post-thumbnail","hentry","category-nacionales"],"_links":{"self":[{"href":"https:\/\/radiosurfm.com\/web\/wp-json\/wp\/v2\/posts\/32115","targetHints":{"allow":["GET"]}}],"collection":[{"href":"https:\/\/radiosurfm.com\/web\/wp-json\/wp\/v2\/posts"}],"about":[{"href":"https:\/\/radiosurfm.com\/web\/wp-json\/wp\/v2\/types\/post"}],"author":[{"embeddable":true,"href":"https:\/\/radiosurfm.com\/web\/wp-json\/wp\/v2\/users\/2"}],"replies":[{"embeddable":true,"href":"https:\/\/radiosurfm.com\/web\/wp-json\/wp\/v2\/comments?post=32115"}],"version-history":[{"count":0,"href":"https:\/\/radiosurfm.com\/web\/wp-json\/wp\/v2\/posts\/32115\/revisions"}],"wp:featuredmedia":[{"embeddable":true,"href":"https:\/\/radiosurfm.com\/web\/wp-json\/wp\/v2\/media\/32116"}],"wp:attachment":[{"href":"https:\/\/radiosurfm.com\/web\/wp-json\/wp\/v2\/media?parent=32115"}],"wp:term":[{"taxonomy":"category","embeddable":true,"href":"https:\/\/radiosurfm.com\/web\/wp-json\/wp\/v2\/categories?post=32115"},{"taxonomy":"post_tag","embeddable":true,"href":"https:\/\/radiosurfm.com\/web\/wp-json\/wp\/v2\/tags?post=32115"}],"curies":[{"name":"wp","href":"https:\/\/api.w.org\/{rel}","templated":true}]}}