{"id":32119,"date":"2025-09-11T11:48:12","date_gmt":"2025-09-11T14:48:12","guid":{"rendered":"https:\/\/radiosurfm.com\/web\/?p=32119"},"modified":"2025-09-11T11:48:12","modified_gmt":"2025-09-11T14:48:12","slug":"un-adolescente-en-moto-choco-contra-una-casa-y-fue-derivado-grave-a-corrientes","status":"publish","type":"post","link":"https:\/\/radiosurfm.com\/web\/2025\/09\/11\/un-adolescente-en-moto-choco-contra-una-casa-y-fue-derivado-grave-a-corrientes\/","title":{"rendered":"Un adolescente en moto choc\u00f3 contra una casa y fue derivado grave a Corrientes"},"content":{"rendered":"<p>Momentos de gran conmoci\u00f3n\u00a0 provoc\u00f3 un accidente que se registr\u00f3 en el atardecer del mi\u00e9rcoles. Un nene de 13 a\u00f1os de edad, perdi\u00f3 el control de la moto que conduc\u00eda y fue a parar contra la pared de una vivienda de nuestra ciudad. Result\u00f3 con un grave traumatismo de cr\u00e1neo por lo que tuvo que ser derivado en forma urgente al Hospital pedi\u00e1trico Juan Pablo II con pron\u00f3stico reservado. Investiga la fiscal\u00eda de turno con la colaboraci\u00f3n de la comisar\u00eda distrito primera de Goya.<\/p>\n<div>El siniestro tuvo lugar en Jos\u00e9 Mar\u00eda Soto y Uruguay, en el barrio La Rotonda, minutos despu\u00e9s de las 19 del mi\u00e9rcoles.<\/div>\n<div><\/div>\n<div>Seg\u00fan la informaci\u00f3n que recopilaron los investigadores, el conductor de la moto de 110 cent\u00edmetros c\u00fabicos manejaba en contramano por la calle Uruguay y habr\u00eda aumentado la velocidad en la intersecci\u00f3n con la calle Jos\u00e9 Mar\u00eda Soto y no pudo frenar, hasta que impact\u00f3 violentamente contra una pared.<\/div>\n<div><\/div>\n<div>De acuerdo al relato de un ocasional testigo, aparentemente el nene no ten\u00eda experiencias en la conducci\u00f3n de motos e hizo que perdiera el control de una motocicleta Guerrero, que pertenecer\u00eda a un familiar y chocara contra el muro de la vivienda.<\/div>\n<div><\/div>\n<div>Inmediatamente, fue trasladado al Hospital de Goya y luego de estabilizarlo fue traslado en ambulancia a un nosocomio de mayor complejidad de la ciudad de Corrientes, en estado cr\u00edtico y con riesgo de vida.<\/div>\n<div><\/div>\n<div>Las pericias realiz\u00f3 un oficial de la Polic\u00eda de Corrientes y no se inform\u00f3 la identidad del menor por razones de \u00edndole legal.-<\/div>\n<div><\/div>\n","protected":false},"excerpt":{"rendered":"<p>Momentos de gran conmoci\u00f3n\u00a0 provoc\u00f3 un accidente que se registr\u00f3 en el atardecer del mi\u00e9rcoles. Un nene de 13 a\u00f1os de edad, perdi\u00f3 el control de la moto que conduc\u00eda y fue a parar contra la pared de una vivienda de nuestra ciudad. Result\u00f3 con un grave traumatismo de cr\u00e1neo por lo que tuvo que [&hellip;]<\/p>\n","protected":false},"author":2,"featured_media":32120,"comment_status":"open","ping_status":"open","sticky":false,"template":"","format":"standard","meta":{"footnotes":""},"categories":[56],"tags":[],"class_list":["post-32119","post","type-post","status-publish","format-standard","has-post-thumbnail","hentry","category-locales"],"_links":{"self":[{"href":"https:\/\/radiosurfm.com\/web\/wp-json\/wp\/v2\/posts\/32119","targetHints":{"allow":["GET"]}}],"collection":[{"href":"https:\/\/radiosurfm.com\/web\/wp-json\/wp\/v2\/posts"}],"about":[{"href":"https:\/\/radiosurfm.com\/web\/wp-json\/wp\/v2\/types\/post"}],"author":[{"embeddable":true,"href":"https:\/\/radiosurfm.com\/web\/wp-json\/wp\/v2\/users\/2"}],"replies":[{"embeddable":true,"href":"https:\/\/radiosurfm.com\/web\/wp-json\/wp\/v2\/comments?post=32119"}],"version-history":[{"count":0,"href":"https:\/\/radiosurfm.com\/web\/wp-json\/wp\/v2\/posts\/32119\/revisions"}],"wp:featuredmedia":[{"embeddable":true,"href":"https:\/\/radiosurfm.com\/web\/wp-json\/wp\/v2\/media\/32120"}],"wp:attachment":[{"href":"https:\/\/radiosurfm.com\/web\/wp-json\/wp\/v2\/media?parent=32119"}],"wp:term":[{"taxonomy":"category","embeddable":true,"href":"https:\/\/radiosurfm.com\/web\/wp-json\/wp\/v2\/categories?post=32119"},{"taxonomy":"post_tag","embeddable":true,"href":"https:\/\/radiosurfm.com\/web\/wp-json\/wp\/v2\/tags?post=32119"}],"curies":[{"name":"wp","href":"https:\/\/api.w.org\/{rel}","templated":true}]}}