{"id":32122,"date":"2025-09-11T11:59:24","date_gmt":"2025-09-11T14:59:24","guid":{"rendered":"https:\/\/radiosurfm.com\/web\/?p=32122"},"modified":"2025-09-11T11:59:24","modified_gmt":"2025-09-11T14:59:24","slug":"con-los-triunfos-de-ism-y-espanol-se-cerro-la-primera-fecha-de-oficial-de-basquet-de-primera","status":"publish","type":"post","link":"https:\/\/radiosurfm.com\/web\/2025\/09\/11\/con-los-triunfos-de-ism-y-espanol-se-cerro-la-primera-fecha-de-oficial-de-basquet-de-primera\/","title":{"rendered":"Con los triunfos de ISM y Espa\u00f1ol se cerr\u00f3 la primera fecha de oficial de b\u00e1squet de primera"},"content":{"rendered":"<p>En instalaciones del Centro Social y Deportivo Juventud Unida, el mi\u00e9rcoles 10 se complet\u00f3 la primera fecha del Torneo Oficial de mayores masculino organizado por la Asociaci\u00f3n Goyana de B\u00e1squet.<\/p>\n<p>RESUMEN.<\/p>\n<p>EUCALIPTO 60 &#8211; ISM 62. Parciales: 15\/15 &#8211; 11\/15 &#8211; 15\/11 &#8211; 19\/21<\/p>\n<p>EUCALIPTO: Sergio Bartlett 15, Francisco Ortiz 2, Fernando Florent\u00edn 2, Gerardo Aguirre 2, Adri\u00e1n Fern\u00e1ndez 4, Lucas Pedrozo 14, Humberto Storti 2, Joaqu\u00edn L\u00f3pez 8, Mauricio Gonz\u00e1lez 11. D.T. Patricio Pedrozo.<\/p>\n<p>ISM: Lorenzo Maciel 3, Juan Dom\u00ednguez 12, Felipe Urquijo 3, Mat\u00edas R\u00edos 23, Juli\u00e1n Mart\u00ednez 3, Augusto Gonz\u00e1lez 7, Andr\u00e9s Clemente 4, Leonardo G\u00f3mez 7. D.T. Eduardo Bernasconi<\/p>\n<p>JUVENTUD UNIDA 47 . ESPA\u00d1OL 66. Parciales: 07\/18 &#8211; 11\/18 &#8211; 16\/13 &#8211; 13\/17<\/p>\n<p>JUVENTUD UNIDA: Jerem\u00edas Salom\u00f3n 2, Pablo Acevedo 3, Benjam\u00edn Ben\u00edtez 2, Brandon L\u00f3pez 6, Nelson Piz 14, Juan Bartlett 12, Franco Staccioulli 4, Luciano Peluffo 4. D.T. Gustaco Montenegro<\/p>\n<p>ESPA\u00d1OL: Gerardo Verges 2, Nahuel Cisneros 6, Juan Piasentini 11, Mart\u00edn Maidana 12, Mart\u00edn Barriento 2, Ignacio Ghiglione 1, Francisco Escobar 6, Oscar Escobar 5, Ulises Escobar 17, Ulises Gonz\u00e1lez 4. D.T. Luciano L\u00f3pez.<\/p>\n<p>PROGRAMACI\u00d3N JUEVES 11.09.25<\/p>\n<p>Cancha AMAD &#8211; 20.30 horas &#8211; Categor\u00edas U15 y 17 FEMENINO<\/p>\n<p>AMAD vs. PERUGORR\u00cdA<\/p>\n","protected":false},"excerpt":{"rendered":"<p>En instalaciones del Centro Social y Deportivo Juventud Unida, el mi\u00e9rcoles 10 se complet\u00f3 la primera fecha del Torneo Oficial de mayores masculino organizado por la Asociaci\u00f3n Goyana de B\u00e1squet. RESUMEN. EUCALIPTO 60 &#8211; ISM 62. Parciales: 15\/15 &#8211; 11\/15 &#8211; 15\/11 &#8211; 19\/21 EUCALIPTO: Sergio Bartlett 15, Francisco Ortiz 2, Fernando Florent\u00edn 2, Gerardo [&hellip;]<\/p>\n","protected":false},"author":2,"featured_media":32123,"comment_status":"open","ping_status":"open","sticky":false,"template":"","format":"standard","meta":{"footnotes":""},"categories":[83,56],"tags":[],"class_list":["post-32122","post","type-post","status-publish","format-standard","has-post-thumbnail","hentry","category-deporte","category-locales"],"_links":{"self":[{"href":"https:\/\/radiosurfm.com\/web\/wp-json\/wp\/v2\/posts\/32122","targetHints":{"allow":["GET"]}}],"collection":[{"href":"https:\/\/radiosurfm.com\/web\/wp-json\/wp\/v2\/posts"}],"about":[{"href":"https:\/\/radiosurfm.com\/web\/wp-json\/wp\/v2\/types\/post"}],"author":[{"embeddable":true,"href":"https:\/\/radiosurfm.com\/web\/wp-json\/wp\/v2\/users\/2"}],"replies":[{"embeddable":true,"href":"https:\/\/radiosurfm.com\/web\/wp-json\/wp\/v2\/comments?post=32122"}],"version-history":[{"count":0,"href":"https:\/\/radiosurfm.com\/web\/wp-json\/wp\/v2\/posts\/32122\/revisions"}],"wp:featuredmedia":[{"embeddable":true,"href":"https:\/\/radiosurfm.com\/web\/wp-json\/wp\/v2\/media\/32123"}],"wp:attachment":[{"href":"https:\/\/radiosurfm.com\/web\/wp-json\/wp\/v2\/media?parent=32122"}],"wp:term":[{"taxonomy":"category","embeddable":true,"href":"https:\/\/radiosurfm.com\/web\/wp-json\/wp\/v2\/categories?post=32122"},{"taxonomy":"post_tag","embeddable":true,"href":"https:\/\/radiosurfm.com\/web\/wp-json\/wp\/v2\/tags?post=32122"}],"curies":[{"name":"wp","href":"https:\/\/api.w.org\/{rel}","templated":true}]}}