{"id":32128,"date":"2025-09-11T12:14:15","date_gmt":"2025-09-11T15:14:15","guid":{"rendered":"https:\/\/radiosurfm.com\/web\/?p=32128"},"modified":"2025-09-11T12:14:15","modified_gmt":"2025-09-11T15:14:15","slug":"asi-es-el-plan-de-lucha-de-las-universidades-tras-el-veto-de-milei","status":"publish","type":"post","link":"https:\/\/radiosurfm.com\/web\/2025\/09\/11\/asi-es-el-plan-de-lucha-de-las-universidades-tras-el-veto-de-milei\/","title":{"rendered":"As\u00ed es el plan de lucha de las universidades tras el veto de Milei"},"content":{"rendered":"<p>Luego del\u00a0<b>veto presidencial a la ley de Financiamiento Universitario<\/b>, estudiantes, docentes y autoridades anticipan un\u00a0<b>nuevo plan de lucha con paros<\/b>\u00a0y movilizaciones para ponerle un freno al<b>\u00a0ajuste sin fin<\/b>, en la que ya se perfila como la<b>\u00a0&#8220;Tercera Marcha Federal&#8221;<\/b>\u00a0en defensa de las universidades, en un contexto donde la falta de presupuesto asfixia a las casas de altos estudios y muchos profesores migran al sector privado u otros empleos para subsistir.<\/p>\n<p>La primera reacci\u00f3n ser\u00e1 un\u00a0<b>paro general universitario que se llevar\u00e1 a cabo este viernes<\/b>\u00a012 de septiembre, seg\u00fan confirm\u00f3 a la\u00a0<i>750\u00a0<\/i>el secretario General de la Federaci\u00f3n de las Universidades Nacionales (Fedun),\u00a0<b>Daniel Ricci<\/b>, quien dijo adem\u00e1s que la decisi\u00f3n del veto del presidente Javier Milei a la ley aprobada por amplia mayor\u00eda en el Congreso representa &#8220;su odio a las universidades p\u00fablicas&#8221;.<\/p>\n<p>Pero adem\u00e1s,\u00a0<b>los universitarios se volver\u00e1n a movilizar en los pr\u00f3ximos d\u00edas\u00a0<\/b>al Congreso de la Naci\u00f3n cuando la C\u00e1mara de Diputados discuta el veto presidencial. &#8220;Esperemos que est\u00e9n a la altura y lo rechacen&#8221;, se esperanz\u00f3 Ricci.<\/p>\n<p>Es probable que esa movilizaci\u00f3n suceda el mi\u00e9rcoles 17, y podr\u00edan confluir tambi\u00e9n los m\u00e9dicos del Garrahan y los jubilados.<\/p>\n<p>\u201c<b>Lo \u00fanico que no odia es el 3 por ciento de Karina Milei.<\/b>\u00a0Lo \u00fanico democr\u00e1tico que tiene es ir en contra de todos los argentinos\u201d, lament\u00f3 el l\u00edder de Fedun.<\/p>\n<p>Ser\u00e1 la tercera gran marcha universitaria bajo el gobierno de Milei, que en 2024 ya hab\u00eda vetado la ley de financiamiento, aunque en aquel entonces el Congreso, alineado a la motosierra libertaria, no logr\u00f3 imponerse a la decisi\u00f3n presidencial. Ahora, docentes, gremios y estudiantes esperan que el parlamento ratifique la ley sancionada por 158 votos.<\/p>\n<h2>Otros vetos que atrasan<\/h2>\n<p>El presidente firm\u00f3 los vetos a las leyes de Financiamiento Universitario y Emergencia en Pediatr\u00eda este mi\u00e9rcoles por la tarde, apenas 72 horas despu\u00e9s de que el gobierno prometiera una &#8220;autocr\u00edtica profunda&#8221; y la convocatoria al di\u00e1logo a los gobernadores.<\/p>\n<p><b>Ambas leyes fueron aprobadas por una amplia mayor\u00eda parlamentaria<\/b>, por lo que es posible que sean ratificadas cuando el Congreso debata los vetos, por lo que la Casa Rosada podr\u00eda sufrir un nuevo rev\u00e9s parlamentario.<\/p>\n<p>Adem\u00e1s de los universitarios, los\u00a0<b>m\u00e9dicos y trabajadores del Hospital Garrahan tambi\u00e9n preparan movilizaciones y huelgas\u00a0<\/b>para expresar su rechazo al veto presidencial de una ley que, en su caso, garantizaba presupuestos m\u00ednimos, recomposici\u00f3n salarial y asignaci\u00f3n prioritaria de insumos cr\u00edticos durante un a\u00f1o para el centro de salud.<\/p>\n<p>&#8220;En un tiempo no habr\u00e1 pediatras en las guardias&#8221;, anticip\u00f3 Guadalupe P\u00e9rez, jefa de Cl\u00ednica de Epidemiolog\u00eda del Garrahan, en di\u00e1logo con la\u00a0<i>750<\/i>, donde adem\u00e1s advirti\u00f3 que la normativa no representaba un gasto extraordinario para el Estado.<b>\u00a0&#8220;Vamos a marchar con las universidades para demostrar que el pueblo necesita estas instituciones<\/b>, necesita salud y educaci\u00f3n p\u00fablica \u2014agreg\u00f3 la m\u00e9dica\u2014 no vamos a dar un paso atr\u00e1s porque son un baluarte. Esperemos que la sociedad nos acompa\u00f1e&#8221;.<\/p>\n<h2>C\u00f3mo impacta el ajuste a las universidades<\/h2>\n<p>El decano de la Facultad de Ciencias Exactas de la UBA, Guillermo Dur\u00e1n, observ\u00f3 con preocupaci\u00f3n el veto a la ley de financiamiento y afirm\u00f3 que sin presupuesto actualizado &#8220;se hace dif\u00edcil sostener el funcionamiento de las facultades&#8221;. &#8220;Los docentes comienzan a irse al sector privado y la calidad se deteriorar muy fuertemente&#8221;, dijo con pesar en declaraciones a la\u00a0<i>750<\/i>.<\/p>\n<p>&#8220;Estamos con una gran preocupaci\u00f3n por la decisi\u00f3n del gobierno de vetar la ley que otorgaba financiamiento universitario. Deber\u00edan darnos un aumento del 45 por ciento para empatarle a lo que cobr\u00e1bamos el 1 de diciembre de 2023&#8221;, sostuvo, y lament\u00f3 el atraso presupuestario: &#8220;Los gastos est\u00e1n retrasados,\u00a0determinaron un 20 por ciento de reajuste cuando la inflaci\u00f3n del a\u00f1o pasado fue de 118 %&#8221;.<\/p>\n<p>Ricci agreg\u00f3 un dato central: el feroz ajuste que sufre el sistema cient\u00edfico. &#8220;Cuando hablamos de inversi\u00f3n en ciencia y tecnolog\u00eda, Argentina tiene un 0,11. Israel, un pa\u00eds que le gusta a Milei, tiene un 6 por ciento; Estados Unidos un 5 por ciento; China, un 4,5 por ciento\u201d, enumer\u00f3.<\/p>\n<p>\u201cCuando vemos que en el mundo se discuten las nuevas tecnolog\u00edas, vemos que Argentina qued\u00f3 rezagada. Nos lleva a ser un pa\u00eds meramente extractivista. Ahora vemos que los d\u00f3lares no van a alcanzar nunca si vamos a tener que importar todos los insumos tecnol\u00f3gicos.\u00a0<b>Esto condena a la miseria y el hambre a m\u00e1s del 90 por ciento del pueblo argentino\u201d, lament\u00f3 el l\u00edder de Fedun.<\/b><\/p>\n<p><b>Ricardo Manetti<\/b>, decano de la Facultad de Filosof\u00eda y Letras de la UBA, afirm\u00f3 que el veto no los tom\u00f3 por sorpresa. &#8220;Si hay veto, hay marcha&#8221;, retruc\u00f3. &#8220;Planteamos al Congreso que defiendan lo que votaron. El a\u00f1o pasado no lo hicieron y les pedimos que este a\u00f1o s\u00ed lo hagan. La educaci\u00f3n p\u00fablica es clave para el pa\u00eds&#8221;, se\u00f1al\u00f3, tambi\u00e9n en declaraciones a la\u00a0<i>750<\/i>.<\/p>\n<p>En tanto,<b>\u00a0Franco Bartolacci<\/b>, vicepresidente del Consejo Interuniversitario Nacional, tambi\u00e9n expres\u00f3 su preocupaci\u00f3n y malestar por el veto, y se\u00f1al\u00f3 que &#8220;el presidente ten\u00eda en la mano la posibilidad de corregir errores, promulgando una ley sin comprometer fiscalmente nada, y decidi\u00f3 avanzar con un veto que no s\u00f3lo genera dificultades para desarrollar con normalidad las actividades, sino que confirma una forma de entender el lugar que ocupa la educaci\u00f3n p\u00fablica&#8221;.<\/p>\n<div>&#8220;Requer\u00eda una inversi\u00f3n del 0,1 por ciento del PBI. Necesitamos que la sociedad argentina, que fue la que nos abraz\u00f3 y nos trajo hasta ac\u00e1 con su compromiso solidario, nos acompa\u00f1e en esa manifestaci\u00f3n para pedirle al Congreso que sostenga esta ley. Si no, vamos a estar en una situaci\u00f3n l\u00edmite&#8221;, lament\u00f3.<\/div>\n","protected":false},"excerpt":{"rendered":"<p>Luego del\u00a0veto presidencial a la ley de Financiamiento Universitario, estudiantes, docentes y autoridades anticipan un\u00a0nuevo plan de lucha con paros\u00a0y movilizaciones para ponerle un freno al\u00a0ajuste sin fin, en la que ya se perfila como la\u00a0&#8220;Tercera Marcha Federal&#8221;\u00a0en defensa de las universidades, en un contexto donde la falta de presupuesto asfixia a las casas de [&hellip;]<\/p>\n","protected":false},"author":2,"featured_media":32129,"comment_status":"open","ping_status":"open","sticky":false,"template":"","format":"standard","meta":{"footnotes":""},"categories":[64],"tags":[],"class_list":["post-32128","post","type-post","status-publish","format-standard","has-post-thumbnail","hentry","category-nacionales"],"_links":{"self":[{"href":"https:\/\/radiosurfm.com\/web\/wp-json\/wp\/v2\/posts\/32128","targetHints":{"allow":["GET"]}}],"collection":[{"href":"https:\/\/radiosurfm.com\/web\/wp-json\/wp\/v2\/posts"}],"about":[{"href":"https:\/\/radiosurfm.com\/web\/wp-json\/wp\/v2\/types\/post"}],"author":[{"embeddable":true,"href":"https:\/\/radiosurfm.com\/web\/wp-json\/wp\/v2\/users\/2"}],"replies":[{"embeddable":true,"href":"https:\/\/radiosurfm.com\/web\/wp-json\/wp\/v2\/comments?post=32128"}],"version-history":[{"count":0,"href":"https:\/\/radiosurfm.com\/web\/wp-json\/wp\/v2\/posts\/32128\/revisions"}],"wp:featuredmedia":[{"embeddable":true,"href":"https:\/\/radiosurfm.com\/web\/wp-json\/wp\/v2\/media\/32129"}],"wp:attachment":[{"href":"https:\/\/radiosurfm.com\/web\/wp-json\/wp\/v2\/media?parent=32128"}],"wp:term":[{"taxonomy":"category","embeddable":true,"href":"https:\/\/radiosurfm.com\/web\/wp-json\/wp\/v2\/categories?post=32128"},{"taxonomy":"post_tag","embeddable":true,"href":"https:\/\/radiosurfm.com\/web\/wp-json\/wp\/v2\/tags?post=32128"}],"curies":[{"name":"wp","href":"https:\/\/api.w.org\/{rel}","templated":true}]}}