{"id":32131,"date":"2025-09-11T12:19:08","date_gmt":"2025-09-11T15:19:08","guid":{"rendered":"https:\/\/radiosurfm.com\/web\/?p=32131"},"modified":"2025-09-11T12:19:08","modified_gmt":"2025-09-11T15:19:08","slug":"el-veto-de-javier-milei-al-hospital-garrahan","status":"publish","type":"post","link":"https:\/\/radiosurfm.com\/web\/2025\/09\/11\/el-veto-de-javier-milei-al-hospital-garrahan\/","title":{"rendered":"El veto de Javier Milei al Hospital Garrahan"},"content":{"rendered":"<p><b>El Gobierno de Javier Milei profundiz\u00f3 su postura de ajuste fiscal y motosierra al vetar por completo la Ley de Emergencia Pedi\u00e1trica<\/b>\u00a0en el Hospital Garrahan, una decisi\u00f3n que se suma al\u00a0rechazo total de la Ley de Financiamiento Universitario.<\/p>\n<p>Ambas medidas, publicadas en el Bolet\u00edn Oficial, se argumentan en la necesidad de preservar el \u201cequilibrio fiscal\u201d y evitar lo que la administraci\u00f3n libertaria considera un\u00a0<b>\u201caumento desmedido e irresponsable del gasto p\u00fablico\u201d.<\/b><\/p>\n<p>La Casa Rosada, sin embargo, estir\u00f3 la definici\u00f3n sobre la Ley de Redistribuci\u00f3n Autom\u00e1tica de los Aportes del Tesoro Nacional (ATN), una normativa clave para los gobernadores, cuya suerte se conocer\u00e1 a \u00faltima hora de este viernes.<\/p>\n<h2>La ley para el Garrahan<\/h2>\n<p>La ley por la declaraci\u00f3n de emergencia sanitaria de la salud pedi\u00e1trica y de las residencias nacionales fue\u00a0<b>aprobada por el Senado hace dos semanas con 62 votos positivos y apenas ocho negativos.\u00a0<\/b><\/p>\n<p>La iniciativa se bas\u00f3 en la ley 26.061 de Protecci\u00f3n Integral de los Derechos de Ni\u00f1os, Ni\u00f1as y Adolescentes, donde se declara<b>\u00a0el derecho a la salud integral garantizado por el Estado Nacional en condiciones de igualdad, continuidad, gratuidad y accesibilidad.\u00a0<\/b><\/p>\n<p>El texto aprobado prev\u00e9\u00a0<b>m\u00e1s fondos, una recomposici\u00f3n salarial y la derogaci\u00f3n de la resoluci\u00f3n 2109\/2025,<\/b>\u00a0por la cual el Ministerio de Salud modific\u00f3 el sistema de residencias m\u00e9dicas.<\/p>\n<h2>Las justificaciones oficiales del veto a la Emergencia Pedi\u00e1trica<\/h2>\n<p>El Decreto que veta la Ley de Emergencia Pedi\u00e1trica en el Garrahan lleva la firma del Presidente y de todo el Gabinete nacional. Sus fundamentos ya son conocidos en el discurso libertario, el supuesto ataque al equilibrio fiscal y la &#8220;falta de financiamiento.<\/p>\n<p>Seg\u00fan el Gobierno, la norma tendr\u00e1 un \u201cimpacto fiscal directo\u201d de $115.030.000.000 por la recomposici\u00f3n salarial prevista. Tambi\u00e9n aduce que este gasto deber\u00eda financiarse con \u201creasignaciones dentro del presupuesto del Ministerio de Salud y con reservas destinadas a contingencias sanitarias\u201d.<\/p>\n<p>Habla de que el proyecto \u201ccarece de un financiamiento genuino\u201d, tiene una \u201credacci\u00f3n ambigua que fomenta la arbitrariedad\u201d, \u201cprofundiza distorsiones salariales, compromete programas esenciales, erosiona la coparticipaci\u00f3n federal y pone en jaque la estabilidad presupuestaria de la Naci\u00f3n y de las provincias\u201d.<\/p>\n<h2>Protestas contra el veto<\/h2>\n<p>Desde distintos sectores ya hab\u00edan anunciado que, si el mandatario avanzaba con el veto tal como prometi\u00f3, los trabajadores de la salud y personal no m\u00e9dico nucleado en la Asociaci\u00f3n de Profesionales y T\u00e9cnicos (APyT) del Hospital Garrahan responder\u00e1n con movilizaciones en la calle y con acciones conjuntas<i>.\u00a0<\/i>Ahora se esperan los anuncios de movilizaciones y acciones directas.<\/p>\n<p>Mediante un comunicado, la APyT remarc\u00f3 que &#8220;junto a todos trabajadores y el equipo de salud\u201d del hospital se encuentran &#8220;a la expectativa de la definici\u00f3n\u201d que Milei debe tomar esta semana, \u201ca m\u00e1s tardar este jueves 11\u201d, y agreg\u00f3 que &#8220;si la C\u00e1mara de Diputados convoca a tratar ambos eventuales vetos, se impulsar\u00e1 una Marcha Federal en Buenos Aires y en todas las plazas del pa\u00eds&#8221;. Adem\u00e1s, adelantaron que el pr\u00f3ximo lunes las y los trabajadores del Hospital dar\u00e1n una conferencia de prensa frente al Congreso junto a la comunidad universitaria para &#8220;reclamar a diputados y senadores que traten y rechacen de forma inmediata cualquier veto presidencial&#8221;.<\/p>\n","protected":false},"excerpt":{"rendered":"<p>El Gobierno de Javier Milei profundiz\u00f3 su postura de ajuste fiscal y motosierra al vetar por completo la Ley de Emergencia Pedi\u00e1trica\u00a0en el Hospital Garrahan, una decisi\u00f3n que se suma al\u00a0rechazo total de la Ley de Financiamiento Universitario. Ambas medidas, publicadas en el Bolet\u00edn Oficial, se argumentan en la necesidad de preservar el \u201cequilibrio fiscal\u201d [&hellip;]<\/p>\n","protected":false},"author":2,"featured_media":32132,"comment_status":"open","ping_status":"open","sticky":false,"template":"","format":"standard","meta":{"footnotes":""},"categories":[64],"tags":[],"class_list":["post-32131","post","type-post","status-publish","format-standard","has-post-thumbnail","hentry","category-nacionales"],"_links":{"self":[{"href":"https:\/\/radiosurfm.com\/web\/wp-json\/wp\/v2\/posts\/32131","targetHints":{"allow":["GET"]}}],"collection":[{"href":"https:\/\/radiosurfm.com\/web\/wp-json\/wp\/v2\/posts"}],"about":[{"href":"https:\/\/radiosurfm.com\/web\/wp-json\/wp\/v2\/types\/post"}],"author":[{"embeddable":true,"href":"https:\/\/radiosurfm.com\/web\/wp-json\/wp\/v2\/users\/2"}],"replies":[{"embeddable":true,"href":"https:\/\/radiosurfm.com\/web\/wp-json\/wp\/v2\/comments?post=32131"}],"version-history":[{"count":0,"href":"https:\/\/radiosurfm.com\/web\/wp-json\/wp\/v2\/posts\/32131\/revisions"}],"wp:featuredmedia":[{"embeddable":true,"href":"https:\/\/radiosurfm.com\/web\/wp-json\/wp\/v2\/media\/32132"}],"wp:attachment":[{"href":"https:\/\/radiosurfm.com\/web\/wp-json\/wp\/v2\/media?parent=32131"}],"wp:term":[{"taxonomy":"category","embeddable":true,"href":"https:\/\/radiosurfm.com\/web\/wp-json\/wp\/v2\/categories?post=32131"},{"taxonomy":"post_tag","embeddable":true,"href":"https:\/\/radiosurfm.com\/web\/wp-json\/wp\/v2\/tags?post=32131"}],"curies":[{"name":"wp","href":"https:\/\/api.w.org\/{rel}","templated":true}]}}