{"id":32392,"date":"2025-10-14T13:12:34","date_gmt":"2025-10-14T16:12:34","guid":{"rendered":"https:\/\/radiosurfm.com\/web\/?p=32392"},"modified":"2025-10-14T13:12:34","modified_gmt":"2025-10-14T16:12:34","slug":"el-indec-difundira-la-inflacion-de-septiembre-podria-superar-el-2","status":"publish","type":"post","link":"https:\/\/radiosurfm.com\/web\/2025\/10\/14\/el-indec-difundira-la-inflacion-de-septiembre-podria-superar-el-2\/","title":{"rendered":"El INDEC difundir\u00e1 la inflaci\u00f3n de septiembre: podr\u00eda superar el 2%"},"content":{"rendered":"<p>El Instituto Nacional de Estad\u00edstica y Censos (Indec) dar\u00e1 a conocer este martes el \u00cdndice de Precios al Consumidor (IPC) de septiembre. Seg\u00fan estimaciones privadas, la inflaci\u00f3n podr\u00eda superar el 2% en el noveno mes del a\u00f1o.<\/p>\n<p>Las consultoras consideraron que podr\u00eda haber una leve aceleraci\u00f3n en relaci\u00f3n con la cifra de agosto -que fue de 1,9%- por la suba del d\u00f3lar. De confirmarse las proyecciones privadas, se tratar\u00eda de la cifra m\u00e1s alta desde abril.<\/p>\n<p>De acuerdo con el \u00faltimo Relevamiento de Expectativas del Mercado (REM) del Banco Central (BCRA), los analistas corrigieron al alza su estimaci\u00f3n e indicaron que el IPC de septiembre ser\u00e1 de 2,1%. Para las consultoras, en tanto, rondar\u00e1 entre el 2,3% y 2,5%.<\/p>\n<p>Al inicio del mes, la previa de las elecciones legislativas bonaerenses marc\u00f3 un escenario de incertidumbre pol\u00edtica y profundiz\u00f3 la tendencia alcista del d\u00f3lar. Ante ello, el Gobierno tuvo que intervenir en el Mercado \u00danico y Libre de cambios (MULC) para contener la suba del d\u00f3lar y evitar sobresaltos antes de la contienda electoral.<\/p>\n<p>Sin embargo, los mercados reaccionaron r\u00e1pidamente a la derrota de La Libertad Avanza en PBA y el tipo de cambio oficial empez\u00f3 a subir hasta superar el techo de la banda cambiaria, lo que provoc\u00f3 que el Banco Central tenga que salir a vender divisas. Asimismo, el Ejecutivo viaj\u00f3 a Estados Unidos en busca de respaldo econ\u00f3mico y consigui\u00f3 calmar la presi\u00f3n.<\/p>\n<p>Para los analistas, ese contexto de volatilidad cambiaria encendi\u00f3 las alarmas por un posible traslado a los precios y, por consecuencia, un impacto en el dato de septiembre.<\/p>\n<p>\u201cSi bien el pass-through (es decir, el traslado a precios) sigue acotado, se aceler\u00f3 con respecto a agosto y refleja, de forma parcial, el desancle de expectativas\u201c, se\u00f1alaron desde EcoGo y estimaron que el IPC se ubic\u00f3 en 2,3%.<\/p>\n<p>Equilibra coincidi\u00f3 con la estimaci\u00f3n (2,3%) y explic\u00f3 que \u201clos precios Estacionales lideraron el alza del mes (4,5%) y los Regulados treparon 1,8%\u201d.<\/p>\n<p>Las consultoras Cohen y LCG tambi\u00e9n proyectaron un 2,3% para el dato del noveno mes del a\u00f1o. En esa l\u00ednea, indicaron que Alimentos y bebidas fue uno de los sectores que m\u00e1s escal\u00f3. En el caso de Invecq, el nivel general de precios fue de 2,5%.<\/p>\n","protected":false},"excerpt":{"rendered":"<p>El Instituto Nacional de Estad\u00edstica y Censos (Indec) dar\u00e1 a conocer este martes el \u00cdndice de Precios al Consumidor (IPC) de septiembre. Seg\u00fan estimaciones privadas, la inflaci\u00f3n podr\u00eda superar el 2% en el noveno mes del a\u00f1o. Las consultoras consideraron que podr\u00eda haber una leve aceleraci\u00f3n en relaci\u00f3n con la cifra de agosto -que fue [&hellip;]<\/p>\n","protected":false},"author":2,"featured_media":32393,"comment_status":"open","ping_status":"open","sticky":false,"template":"","format":"standard","meta":{"footnotes":""},"categories":[65,64],"tags":[],"class_list":["post-32392","post","type-post","status-publish","format-standard","has-post-thumbnail","hentry","category-economia","category-nacionales"],"_links":{"self":[{"href":"https:\/\/radiosurfm.com\/web\/wp-json\/wp\/v2\/posts\/32392","targetHints":{"allow":["GET"]}}],"collection":[{"href":"https:\/\/radiosurfm.com\/web\/wp-json\/wp\/v2\/posts"}],"about":[{"href":"https:\/\/radiosurfm.com\/web\/wp-json\/wp\/v2\/types\/post"}],"author":[{"embeddable":true,"href":"https:\/\/radiosurfm.com\/web\/wp-json\/wp\/v2\/users\/2"}],"replies":[{"embeddable":true,"href":"https:\/\/radiosurfm.com\/web\/wp-json\/wp\/v2\/comments?post=32392"}],"version-history":[{"count":0,"href":"https:\/\/radiosurfm.com\/web\/wp-json\/wp\/v2\/posts\/32392\/revisions"}],"wp:featuredmedia":[{"embeddable":true,"href":"https:\/\/radiosurfm.com\/web\/wp-json\/wp\/v2\/media\/32393"}],"wp:attachment":[{"href":"https:\/\/radiosurfm.com\/web\/wp-json\/wp\/v2\/media?parent=32392"}],"wp:term":[{"taxonomy":"category","embeddable":true,"href":"https:\/\/radiosurfm.com\/web\/wp-json\/wp\/v2\/categories?post=32392"},{"taxonomy":"post_tag","embeddable":true,"href":"https:\/\/radiosurfm.com\/web\/wp-json\/wp\/v2\/tags?post=32392"}],"curies":[{"name":"wp","href":"https:\/\/api.w.org\/{rel}","templated":true}]}}