{"id":32435,"date":"2025-10-16T12:36:08","date_gmt":"2025-10-16T15:36:08","guid":{"rendered":"https:\/\/radiosurfm.com\/web\/?p=32435"},"modified":"2025-10-16T12:36:08","modified_gmt":"2025-10-16T15:36:08","slug":"siniestro-vial-con-consecuencia-fatal-cerca-de-goya","status":"publish","type":"post","link":"https:\/\/radiosurfm.com\/web\/2025\/10\/16\/siniestro-vial-con-consecuencia-fatal-cerca-de-goya\/","title":{"rendered":"Siniestro vial con consecuencia fatal cerca de Goya"},"content":{"rendered":"<p>En horas de la tarde de este mi\u00e9rcoles 15, personal policial dependientes de la Comisaria de Distrito 1ra de Goya, tomaron conocimiento que por Ruta Nacional N\u00b0 12 \u2013zona del Paraje Zorzalito- se habr\u00eda registrado un siniestro vial, en el cual \u2013por causas y circunstancias que se tratan de establecer- colisionaron un cami\u00f3n y un autom\u00f3vil, dejando como resultado el deceso de un hombre mayor de edad.<\/p>\n<p>Seg\u00fan la informaci\u00f3n inicial hasta este momento, el siniestro tuvo como protagonistas a un autom\u00f3vil \u2013marca Ford Fiesta- conducido por un hombre de apellido Villagra -52- y un cami\u00f3n \u2013marca Scania- guiado por una persona de apellido Gentile \u2013mayor de edad-.<\/p>\n<p>A consecuencia del siniestro se produjo el lamentable deceso del conductor del rodado menor. En la citada dependencia se llevan a cabo las diligencias del caso.<\/p>\n","protected":false},"excerpt":{"rendered":"<p>En horas de la tarde de este mi\u00e9rcoles 15, personal policial dependientes de la Comisaria de Distrito 1ra de Goya, tomaron conocimiento que por Ruta Nacional N\u00b0 12 \u2013zona del Paraje Zorzalito- se habr\u00eda registrado un siniestro vial, en el cual \u2013por causas y circunstancias que se tratan de establecer- colisionaron un cami\u00f3n y un [&hellip;]<\/p>\n","protected":false},"author":2,"featured_media":32120,"comment_status":"open","ping_status":"open","sticky":false,"template":"","format":"standard","meta":{"footnotes":""},"categories":[56,68],"tags":[],"class_list":["post-32435","post","type-post","status-publish","format-standard","has-post-thumbnail","hentry","category-locales","category-policiales-nacionales"],"_links":{"self":[{"href":"https:\/\/radiosurfm.com\/web\/wp-json\/wp\/v2\/posts\/32435","targetHints":{"allow":["GET"]}}],"collection":[{"href":"https:\/\/radiosurfm.com\/web\/wp-json\/wp\/v2\/posts"}],"about":[{"href":"https:\/\/radiosurfm.com\/web\/wp-json\/wp\/v2\/types\/post"}],"author":[{"embeddable":true,"href":"https:\/\/radiosurfm.com\/web\/wp-json\/wp\/v2\/users\/2"}],"replies":[{"embeddable":true,"href":"https:\/\/radiosurfm.com\/web\/wp-json\/wp\/v2\/comments?post=32435"}],"version-history":[{"count":0,"href":"https:\/\/radiosurfm.com\/web\/wp-json\/wp\/v2\/posts\/32435\/revisions"}],"wp:featuredmedia":[{"embeddable":true,"href":"https:\/\/radiosurfm.com\/web\/wp-json\/wp\/v2\/media\/32120"}],"wp:attachment":[{"href":"https:\/\/radiosurfm.com\/web\/wp-json\/wp\/v2\/media?parent=32435"}],"wp:term":[{"taxonomy":"category","embeddable":true,"href":"https:\/\/radiosurfm.com\/web\/wp-json\/wp\/v2\/categories?post=32435"},{"taxonomy":"post_tag","embeddable":true,"href":"https:\/\/radiosurfm.com\/web\/wp-json\/wp\/v2\/tags?post=32435"}],"curies":[{"name":"wp","href":"https:\/\/api.w.org\/{rel}","templated":true}]}}