{"id":32583,"date":"2025-10-27T11:23:58","date_gmt":"2025-10-27T14:23:58","guid":{"rendered":"https:\/\/radiosurfm.com\/web\/?p=32583"},"modified":"2025-10-27T11:23:58","modified_gmt":"2025-10-27T14:23:58","slug":"corrientes-una-sorprendente-eleccion-de-tercios","status":"publish","type":"post","link":"https:\/\/radiosurfm.com\/web\/2025\/10\/27\/corrientes-una-sorprendente-eleccion-de-tercios\/","title":{"rendered":"Corrientes: una sorprendente elecci\u00f3n de tercios"},"content":{"rendered":"<p>Poco antes de las 22 de este domingo se conocieron los resultados definitivos de las elecciones nacionales legislativas en Corrientes: una diferencia de un punto entre el oficialismo y los libertarios, exsocios pol\u00edticos, y un tercer lugar para el peronismo. Los n\u00fameros generaron sorpresa en las filas radicales lideradas por el gobernador Gustavo Vald\u00e9s, que buscaba catapultarse a la esfera nacional con un mejor resultado junto a la alianza entre gobernadores de Provincias Unidas. En la casa de Gobierno correntina se supon\u00eda una mejor performance luego de los resultados de agosto pasado, cuando Juan Pablo Vald\u00e9s gan\u00f3 la gobernaci\u00f3n con el 51,9 por ciento de los votos.<\/p>\n<p>Nada de esto ocurri\u00f3. Con el 99.64 de los votos escrutados, los n\u00fameros se distribuyeron de manera bastante uniforme entre los tres frentes m\u00e1s representativos<\/p>\n<p>* Vamos Corrientes: 33.91 por ciento<\/p>\n<p>* La Libertad Avanza: 32.68 por ciento<\/p>\n<p>* Fuerza Patria: 28.32 por ciento<\/p>\n<p>Con estos d\u00edgitos las tres bancas para diputados nacionales le corresponder\u00e1n al radical Di\u00f3genes Gonz\u00e1lez, a Mar\u00eda Virginia Gallardo de LLA y Ra\u00fal \u201cRulo\u201d Habad de Fuerza Patria. Muy detr\u00e1s quedaron los otros dos frentes.<\/p>\n<p>Este resultado obliga a los Vald\u00e9s a repensar su estrategia frente al gobierno, ya que en medio a\u00f1o el oficialismo correntino pas\u00f3 de aliado estrat\u00e9gico a opositor moderado para luego, impulsados por la impronta federal de Provincias Unidas, declarar una distancia sustancial con las pol\u00edticas econ\u00f3micas y sociales del presidente libertario.<\/p>\n<div class=\"slot-available\"><\/div>\n<h2>Un voto r\u00e1pido<\/h2>\n<p>Este domingo se vot\u00f3 la renovaci\u00f3n de tres bancas para diputados nacionales empleando por primera vez la Boleta \u00danica de Papel. Adem\u00e1s, en la ciudad de Esquina, al sur de la provincia, se eligi\u00f3 intendente. Fue el \u00fanico municipio que opt\u00f3 por sufragar en este turno.<\/p>\n<p>Fuera de las escuelas, el clima electoral fue menos vigoroso que en otros comicios, ya que el aparato pol\u00edtico que suele acompa\u00f1ar a los fiscales y electores estuvo presente en una m\u00ednima expresi\u00f3n. El tiempo tambi\u00e9n hizo lo suyo para que todo transcurriera con normalidad, ya que el cielo se termin\u00f3 de despejar luego de d\u00edas de tormentas intensas.<\/p>\n<div class=\"slot-available\"><\/div>\n<p>Asisti\u00f3 entonces este domingo el 59,76 % por ciento de los 951.732 electores que estaban registrados en el padr\u00f3n para votar. Un n\u00famero un poco por lo bajo de elecciones de medio t\u00e9rmino del a\u00f1o 2021, cuando asisti\u00f3 el 64.8 % de los electores. Una gran ca\u00edda si se contabilizan las elecciones generales: en 2019, 78,3 por ciento; en 2023, 73,8 por ciento.<\/p>\n<h2>Los que entraron<\/h2>\n<p>Los tres principales frentes lograron sumar un diputado nacional. Por el oficialismo, que lleva el sello \u201cVamos Corrientes\u201d e incluye radicales, liberales y macristas, fue electo Di\u00f3genes Gonz\u00e1lez. De trayectoria en la funci\u00f3n p\u00fablica, como concejal primero y como ministro de Producci\u00f3n, Empleo y Desarrollo Social de Corrientes. Su mirada se centra en \u00e1reas relacionadas con el sector agropecuario, industrial y la promoci\u00f3n de empleo, vinculada con determinados intereses que la provincia busca hace tiempo instalar en la discusi\u00f3n nacional como ser paso Ituzaing\u00f3-Ayolas, Paso de los Libres-Encarnaci\u00f3n, Santo Tom\u00e9-S\u00e3o Borja, el posible futuro Alvear-Itaqu\u00ed y centralmente, el segundo puente entre Chaco y Corrientes.<\/p>\n<p>La sorpresa de la jornada fue Virginia Gallardo. Si bien se esperaba que tuviera un buen desempe\u00f1o electoral, no se anticipaba el importante triunfo que finalmente obtuvo, en especial en la ciudad de Corrientes, donde LLA gan\u00f3.<\/p>\n<p>Gallardo naci\u00f3 en Corrientes en 1985, pero desde hace a\u00f1os vive y trabaja en Buenos Aires como modelo, vedette, bailarina y actriz. Gan\u00f3 notoriedad por sus participaciones en programas de televisi\u00f3n y teatro de revista, y por su relaci\u00f3n medi\u00e1tica con el empresario Ricardo Fort. En los \u00faltimos a\u00f1os, incursion\u00f3 en la pol\u00edtica y mostr\u00f3 un fuerte apoyo a las ideas del espacio pol\u00edtico La Libertad Avanza, por su amistad con Javier Milei, a quien reconoce como su profesor de Econom\u00eda. Hoy en Instagram tiene 2,9 millones de seguidores, un elemento que valorizaron para proponer su candidatura.<\/p>\n<p>El tercero en ingresar es Ra\u00fal \u201cRulo\u201d Hadad, dirigente sanroque\u00f1o, que consigui\u00f3 mejorar la performance del peronismo en relaci\u00f3n a las elecciones de agosto pasado. Si bien los 27 puntos obtenidos lograron ubicarlo en la Congreso Nacional, muy atr\u00e1s quedaron los 38 y 36 puntos que supo conseguir el peronismo en la provincia, cuando se ubicaba como la segunda fuerza. Ahora el peronismo fue desplazado por los libertarios.<\/p>\n<h2>Esquina d\u00edscola<\/h2>\n<p>La \u00fanica anomal\u00eda electora fue la elecci\u00f3n en la ciudad de Esquina. Es que fue el \u00fanico municipio de la provincia en celebrar la elecci\u00f3n de sus autoridades comunales (intendente, viceintendente y seis concejales) en simult\u00e1neo con los comicios nacionales. Esta decisi\u00f3n, tomada por la comuna administrada por el peronista\u00a0Hugo Ben\u00edtez, asociado a Gustavo Vald\u00e9s, contrast\u00f3 con la mayor\u00eda de los distritos que adelantaron sus elecciones municipales a agosto, junto con la Gobernaci\u00f3n provincial. Pero no fue el \u00fanico tropiezo, tambi\u00e9n hubo una disputa judicial previa por la creaci\u00f3n del Municipio de Malvinas Argentina, que trajo much\u00edsimos dolores de cabeza a las autoridades municipales y a la justicia electoral.<\/p>\n<div class=\"slot-available\"><\/div>\n<p>Si bien los resultados fueron ajustados, se confirm\u00f3 que Cristian Olivetti ser\u00e1 el nuevo intendente de la localidad con el 39,5 por ciento. Qued\u00f3 en segundo lugar el candidato de Vamos Corrientes, Arnoldo Rohner, con el 38.4 por ciento.<\/p>\n<h2>Final de juego<\/h2>\n<p>Al final de la jornada electoral, los libertarios festejaron temprano en su sede partidaria, entre c\u00e1nticos y banderas, el triunfo de Virginia Gallardo. La bailarina, exultante, festej\u00f3 emocionada junto a su familia y se acerc\u00f3 al bunker de la calle 25 de Mayo. Sin escenario se limit\u00f3 a hablar con la prensa y a saludar a los seguidores.<\/p>\n<p>Mientras, en Vamos Corrientes la espera se hizo larga. Pasadas las 22, el gobernador Gustavo Vald\u00e9s habl\u00f3 en un acto y dijo que \u201ccon el mapa electoral definido, es hora de mirar al futuro, seguir trabajando, apostamos al cambio y seguir acompa\u00f1ando este proceso para Corrientes\u201d.<\/p>\n","protected":false},"excerpt":{"rendered":"<p>Poco antes de las 22 de este domingo se conocieron los resultados definitivos de las elecciones nacionales legislativas en Corrientes: una diferencia de un punto entre el oficialismo y los libertarios, exsocios pol\u00edticos, y un tercer lugar para el peronismo. Los n\u00fameros generaron sorpresa en las filas radicales lideradas por el gobernador Gustavo Vald\u00e9s, que [&hellip;]<\/p>\n","protected":false},"author":2,"featured_media":32584,"comment_status":"open","ping_status":"open","sticky":false,"template":"","format":"standard","meta":{"footnotes":""},"categories":[66,72],"tags":[],"class_list":["post-32583","post","type-post","status-publish","format-standard","has-post-thumbnail","hentry","category-politica-nacionales","category-provinciales"],"_links":{"self":[{"href":"https:\/\/radiosurfm.com\/web\/wp-json\/wp\/v2\/posts\/32583","targetHints":{"allow":["GET"]}}],"collection":[{"href":"https:\/\/radiosurfm.com\/web\/wp-json\/wp\/v2\/posts"}],"about":[{"href":"https:\/\/radiosurfm.com\/web\/wp-json\/wp\/v2\/types\/post"}],"author":[{"embeddable":true,"href":"https:\/\/radiosurfm.com\/web\/wp-json\/wp\/v2\/users\/2"}],"replies":[{"embeddable":true,"href":"https:\/\/radiosurfm.com\/web\/wp-json\/wp\/v2\/comments?post=32583"}],"version-history":[{"count":0,"href":"https:\/\/radiosurfm.com\/web\/wp-json\/wp\/v2\/posts\/32583\/revisions"}],"wp:featuredmedia":[{"embeddable":true,"href":"https:\/\/radiosurfm.com\/web\/wp-json\/wp\/v2\/media\/32584"}],"wp:attachment":[{"href":"https:\/\/radiosurfm.com\/web\/wp-json\/wp\/v2\/media?parent=32583"}],"wp:term":[{"taxonomy":"category","embeddable":true,"href":"https:\/\/radiosurfm.com\/web\/wp-json\/wp\/v2\/categories?post=32583"},{"taxonomy":"post_tag","embeddable":true,"href":"https:\/\/radiosurfm.com\/web\/wp-json\/wp\/v2\/tags?post=32583"}],"curies":[{"name":"wp","href":"https:\/\/api.w.org\/{rel}","templated":true}]}}