{"id":32586,"date":"2025-10-27T11:37:09","date_gmt":"2025-10-27T14:37:09","guid":{"rendered":"https:\/\/radiosurfm.com\/web\/?p=32586"},"modified":"2025-10-27T11:37:09","modified_gmt":"2025-10-27T14:37:09","slug":"cristian-olivetti-intendente-electo-en-esquina-queremos-un-gobierno-de-puertas-abiertas","status":"publish","type":"post","link":"https:\/\/radiosurfm.com\/web\/2025\/10\/27\/cristian-olivetti-intendente-electo-en-esquina-queremos-un-gobierno-de-puertas-abiertas\/","title":{"rendered":"Cristian Olivetti intendente electo en Esquina: &#8220;Queremos un gobierno de puertas abiertas&#8221;"},"content":{"rendered":"<p>El intendente electo de Esquina, Cristian Olivetti, habl\u00f3 con\u00a0<em>Hoja de Ruta<\/em>\u00a0tras su triunfo en las elecciones locales y asegur\u00f3 que el resultado fue \u201cm\u00e1s un desahogo que un festejo\u201d despu\u00e9s de una campa\u00f1a intensa y una elecci\u00f3n re\u00f1ida. \u201cHasta las nueve y pico de la noche todav\u00eda no ten\u00edamos todas las mesas cargadas\u201d, record\u00f3.<\/p>\n<div class=\"container-spot\" data-tipo=\"tipo_todo\" data-pos=\"NEW_P1_cuerpo\">\n<div id=\"pppSlot7\" class=\" lazyloaded\" data-gpt=\"\/22675780113\/nota\/new_p1_cuerpo\" data-size=\"[[728, 90]]\" data-gpt-mobile=\"\/22675780113\/nota\/new_p1_cuerpo\" data-size-mobile=\"[[320, 100],[300, 250],[300, 100],[300, 50]]\" data-expand=\"300\" data-google-query-id=\"COT-w9DMxJADFU5K3QIdoPMdOA\">\n<p><strong>Olivetti destac\u00f3 que el desdoblamiento de los comicios fue una decisi\u00f3n acertada y que la ciudadan\u00eda \u201cratific\u00f3 el rumbo\u201d de su espacio,\u00a0<em>Esquina Crece<\/em>. \u201cFuimos la \u00fanica ciudad que desdobl\u00f3 las elecciones. No era una novedad para nosotros, siempre lo hicimos. Pero esta vez tuvo un peso mayor: fue una decisi\u00f3n muy buena, porque con el sistema provincial hubiera sido muy dif\u00edcil mantener el municipio\u201d, explic\u00f3.<\/strong><\/p>\n<p>Pese a la fuerte apuesta del oficialismo provincial por su propio candidato, el electorado de Esquina eligi\u00f3 a Olivetti. \u201cFue un camino arduo, pero recibimos un gran espaldarazo de la ciudadan\u00eda. Tres de los cinco candidatos a intendente eran parte de la gesti\u00f3n actual, y eso tambi\u00e9n marca lo que hicimos en este tiempo\u201d, se\u00f1al\u00f3.<\/p>\n<div class=\"container-spot\" data-tipo=\"tipo_todo\" data-pos=\"NEW_P2_cuerpo\">\n<div id=\"pppSlot8\" class=\" lazyloaded\" data-gpt=\"\/22675780113\/nota\/new_p2_cuerpo\" data-size=\"[[728, 90]]\" data-gpt-mobile=\"\/22675780113\/nota\/new_p2_cuerpo\" data-size-mobile=\"[[320, 100],[320, 50],[300, 600],[300, 250],[300, 100],[300, 50]]\" data-expand=\"300\" data-google-query-id=\"CMbvtdXMxJADFTpN3QIdya8HbQ\">\n<p><strong>Consultado por el v\u00ednculo con el gobierno provincial, Olivetti confirm\u00f3 que trabajar\u00e1 en conjunto con la gesti\u00f3n de Juan Pablo Vald\u00e9s: \u201cSomos gobernantes que queremos lo mejor para nuestros ciudadanos. Vamos a tener una relaci\u00f3n de cooperaci\u00f3n, como corresponde\u201d.<\/strong><\/p>\n<p>En relaci\u00f3n a la situaci\u00f3n econ\u00f3mica del municipio, el intendente electo reconoci\u00f3 que el panorama \u201ces complejo\u201d por la ca\u00edda de la coparticipaci\u00f3n y la paralizaci\u00f3n de la obra p\u00fablica nacional. \u201cLas municipalidades estamos haciendo todo a pulm\u00f3n. Hay que ser ingeniosos para seguir funcionando, porque no alcanza con pagar sueldos: hay que hacer obras, atender contingencias, sostener servicios\u201d, expres\u00f3.<\/p>\n<div class=\"container-spot\" data-tipo=\"tipo_todo\" data-pos=\"NEW_P3_cuerpo\">\n<div id=\"pppSlot9\" class=\" lazyloaded\" data-gpt=\"\/22675780113\/nota\/new_p3_cuerpo\" data-size=\"[[728, 90]]\" data-gpt-mobile=\"\/22675780113\/nota\/new_p3_cuerpo\" data-size-mobile=\"[[320, 100],[320, 50],[300, 250],[300, 100],[300, 50]]\" data-expand=\"300\" data-google-query-id=\"CPnQztrMxJADFaVK3QIdtrcEYQ\">\n<p>Finalmente, Olivetti asegur\u00f3 que su gobierno buscar\u00e1 mantener una gesti\u00f3n abierta al di\u00e1logo. \u201cQueremos un gobierno de puertas abiertas. M\u00e1s all\u00e1 de las diferencias pol\u00edticas, todos los que quieran sumar van a ser bienvenidos. Yo tengo buena relaci\u00f3n con casi todos los que fueron candidatos\u201d, dijo.<\/p>\n<\/div>\n<\/div>\n<\/div>\n<\/div>\n<\/div>\n<\/div>\n","protected":false},"excerpt":{"rendered":"<p>El intendente electo de Esquina, Cristian Olivetti, habl\u00f3 con\u00a0Hoja de Ruta\u00a0tras su triunfo en las elecciones locales y asegur\u00f3 que el resultado fue \u201cm\u00e1s un desahogo que un festejo\u201d despu\u00e9s de una campa\u00f1a intensa y una elecci\u00f3n re\u00f1ida. \u201cHasta las nueve y pico de la noche todav\u00eda no ten\u00edamos todas las mesas cargadas\u201d, record\u00f3. Olivetti [&hellip;]<\/p>\n","protected":false},"author":2,"featured_media":32587,"comment_status":"open","ping_status":"open","sticky":false,"template":"","format":"standard","meta":{"footnotes":""},"categories":[66,72],"tags":[],"class_list":["post-32586","post","type-post","status-publish","format-standard","has-post-thumbnail","hentry","category-politica-nacionales","category-provinciales"],"_links":{"self":[{"href":"https:\/\/radiosurfm.com\/web\/wp-json\/wp\/v2\/posts\/32586","targetHints":{"allow":["GET"]}}],"collection":[{"href":"https:\/\/radiosurfm.com\/web\/wp-json\/wp\/v2\/posts"}],"about":[{"href":"https:\/\/radiosurfm.com\/web\/wp-json\/wp\/v2\/types\/post"}],"author":[{"embeddable":true,"href":"https:\/\/radiosurfm.com\/web\/wp-json\/wp\/v2\/users\/2"}],"replies":[{"embeddable":true,"href":"https:\/\/radiosurfm.com\/web\/wp-json\/wp\/v2\/comments?post=32586"}],"version-history":[{"count":0,"href":"https:\/\/radiosurfm.com\/web\/wp-json\/wp\/v2\/posts\/32586\/revisions"}],"wp:featuredmedia":[{"embeddable":true,"href":"https:\/\/radiosurfm.com\/web\/wp-json\/wp\/v2\/media\/32587"}],"wp:attachment":[{"href":"https:\/\/radiosurfm.com\/web\/wp-json\/wp\/v2\/media?parent=32586"}],"wp:term":[{"taxonomy":"category","embeddable":true,"href":"https:\/\/radiosurfm.com\/web\/wp-json\/wp\/v2\/categories?post=32586"},{"taxonomy":"post_tag","embeddable":true,"href":"https:\/\/radiosurfm.com\/web\/wp-json\/wp\/v2\/tags?post=32586"}],"curies":[{"name":"wp","href":"https:\/\/api.w.org\/{rel}","templated":true}]}}