{"id":32599,"date":"2025-10-27T12:00:04","date_gmt":"2025-10-27T15:00:04","guid":{"rendered":"https:\/\/radiosurfm.com\/web\/?p=32599"},"modified":"2025-10-27T12:00:04","modified_gmt":"2025-10-27T15:00:04","slug":"santiago-del-estero-elias-suarez-fue-electo-gobernador","status":"publish","type":"post","link":"https:\/\/radiosurfm.com\/web\/2025\/10\/27\/santiago-del-estero-elias-suarez-fue-electo-gobernador\/","title":{"rendered":"Santiago del Estero: El\u00edas Su\u00e1rez fue electo gobernador"},"content":{"rendered":"<p>En Santiago del Estero, el Frente C\u00edvico por Santiago que llevaba como candidato a El\u00edas Su\u00e1rez, obtuvo un 70,3% de los votos para gobernador, lo que result\u00f3 en un aplastante triunfo por encima de La Libertad Avanza y Despierta Santiago (UCR y PRO), que quedaron con un 12% y un 11% respectivamente. Los n\u00fameros revalidaron los pergaminos del actual gobernador, Gerardo Zamora, ya que el mandatario electo es su delf\u00edn. Se consolid\u00f3 as\u00ed la hegemon\u00eda del Frente C\u00edvico, el partido que gobierna desde hace dos d\u00e9cadas y que tuvo como cabeza de lista para el Senado al propio Zamora, que obtuvo un 55%, muy por encima del 14,4% de los libertarios, que quedaron en tercer lugar.\u00a0El peronismo, que llevaba de candidato a Emilio \u201cPich\u00f3n\u201d Neder, obtuvo la tercera banca del Senado. Los n\u00fameros finales fueron muy peleados con los libertarios pero Santiago fue la \u00fanica provincia entre las que se votaba la renovaci\u00f3n de la C\u00e1mara Alta que no le dio un lugar a La Libertad Avanza.<\/p>\n<p>La participaci\u00f3n electoral en la provincia fue del 72%, por encima de la media nacional. Nueve boletas llevaron candidatos a gobernador y siete a legisladores nacionales. Tambi\u00e9n se votaron 40 diputados provinciales, 137 comisionados y 3 intendencias.<\/p>\n<p>Las declaraciones de candidatos libertarios en Santiago tuvieron poca espectacularidad y trataron de convocar a los votantes a asistir a las urnas, lo que puso de manifiesto una preocupaci\u00f3n muy latente por la participaci\u00f3n electoral. \u201cLa apat\u00eda preocupa, la indiferencia es una negatividad al sistema partidario democr\u00e1tico\u201d, dijo Tom\u00e1s Figueroa, candidato a senador. La polarizaci\u00f3n y la nacionalizaci\u00f3n rindi\u00f3 a favor de La Libertad Avanza en muchos distritos, Santiago no fue la excepci\u00f3n. En Capital y La Banda, el peronismo hizo una mala elecci\u00f3n. En muchas mesas testigo la diferencia fue de apenas un punto.<\/p>\n<p>Figueroa es una de las fichas que Javier Milei coloc\u00f3 en Santiago para perforar la hegemon\u00eda del Frente C\u00edvico. En la disputa legislativa la prioridad del partido violeta fue la de quedar en un segundo lugar pero no logr\u00f3 su objetivo. En 2023, a Milei le fue muy bien en localidades ganaderas como Belgrano y Rivadavia. Un m\u00e9rito para Zamora en estas elecciones fue haber logrado revertir esa tendencia para que el mapa no quede te\u00f1ido de violeta. Jorge Mukdise y Cecilia L\u00f3pez Pasquali, del Frente C\u00edvico, fueron elegidos como diputados. La tercera banca en juego fue para Marcelo Barbur, del peronismo. Esther del Carmen Moreno fue la segunda senadora que ingres\u00f3 junto a Zamora.<\/p>\n<p>Su\u00e1rez, el nuevo gobernador, es un ex comerciante que se desempe\u00f1a como jefe de gabinete desde 2005, un hombre de confianza de Zamora que no pertenece al peronismo y ha coordinado espacios de negociaci\u00f3n salarial docente, sindical y conflictos territoriales con comunidades campesinas. Alg\u00fan tipo de confianza ya sobrevolaba en el d\u00eda, \u201cQuiz\u00e1s la expresi\u00f3n en las urnas hoy haga pensar que no se puede gobernar a espaldas de las provincias y de la gente\u201d, dijo Zamora al depositar su voto en las urnas.<\/p>\n<p>El rastro hist\u00f3rico de las elecciones de estos a\u00f1os mostraron solidez y, a la vez, algunas alarmas que con los resultados en mano ahora se disiparon. En 2009, el espacio obtuvo el 85% de los votos. En 2013 el 64%, en 2017 el 68% y en 2021 un 63%. Haber recuperado porcentajes en este contexto revalida un modelo local en un escenario nacional hostil de fragmentaci\u00f3n.<\/p>\n<p>La composici\u00f3n de la C\u00e1mara de Diputados provincial tambi\u00e9n le dio buenos n\u00fameros a Su\u00e1rez, el oficialismo gan\u00f3 dos bancas m\u00e1s y lleg\u00f3 a las 30, mientras que Despierta Santiago y La Libertad Avanza se quedaron con 5 bancas cada uno.<\/p>\n","protected":false},"excerpt":{"rendered":"<p>En Santiago del Estero, el Frente C\u00edvico por Santiago que llevaba como candidato a El\u00edas Su\u00e1rez, obtuvo un 70,3% de los votos para gobernador, lo que result\u00f3 en un aplastante triunfo por encima de La Libertad Avanza y Despierta Santiago (UCR y PRO), que quedaron con un 12% y un 11% respectivamente. Los n\u00fameros revalidaron [&hellip;]<\/p>\n","protected":false},"author":2,"featured_media":32600,"comment_status":"open","ping_status":"open","sticky":false,"template":"","format":"standard","meta":{"footnotes":""},"categories":[64,66],"tags":[],"class_list":["post-32599","post","type-post","status-publish","format-standard","has-post-thumbnail","hentry","category-nacionales","category-politica-nacionales"],"_links":{"self":[{"href":"https:\/\/radiosurfm.com\/web\/wp-json\/wp\/v2\/posts\/32599","targetHints":{"allow":["GET"]}}],"collection":[{"href":"https:\/\/radiosurfm.com\/web\/wp-json\/wp\/v2\/posts"}],"about":[{"href":"https:\/\/radiosurfm.com\/web\/wp-json\/wp\/v2\/types\/post"}],"author":[{"embeddable":true,"href":"https:\/\/radiosurfm.com\/web\/wp-json\/wp\/v2\/users\/2"}],"replies":[{"embeddable":true,"href":"https:\/\/radiosurfm.com\/web\/wp-json\/wp\/v2\/comments?post=32599"}],"version-history":[{"count":0,"href":"https:\/\/radiosurfm.com\/web\/wp-json\/wp\/v2\/posts\/32599\/revisions"}],"wp:featuredmedia":[{"embeddable":true,"href":"https:\/\/radiosurfm.com\/web\/wp-json\/wp\/v2\/media\/32600"}],"wp:attachment":[{"href":"https:\/\/radiosurfm.com\/web\/wp-json\/wp\/v2\/media?parent=32599"}],"wp:term":[{"taxonomy":"category","embeddable":true,"href":"https:\/\/radiosurfm.com\/web\/wp-json\/wp\/v2\/categories?post=32599"},{"taxonomy":"post_tag","embeddable":true,"href":"https:\/\/radiosurfm.com\/web\/wp-json\/wp\/v2\/tags?post=32599"}],"curies":[{"name":"wp","href":"https:\/\/api.w.org\/{rel}","templated":true}]}}