{"id":32627,"date":"2025-10-28T12:26:52","date_gmt":"2025-10-28T15:26:52","guid":{"rendered":"https:\/\/radiosurfm.com\/web\/?p=32627"},"modified":"2025-10-28T12:26:52","modified_gmt":"2025-10-28T15:26:52","slug":"la-reforma-laboral-del-gobierno-eliminar-juicios-recorte-de-derechos-y-techo-a-las-paritarias","status":"publish","type":"post","link":"https:\/\/radiosurfm.com\/web\/2025\/10\/28\/la-reforma-laboral-del-gobierno-eliminar-juicios-recorte-de-derechos-y-techo-a-las-paritarias\/","title":{"rendered":"La reforma laboral del Gobierno: eliminar juicios, recorte de derechos y techo a las paritarias"},"content":{"rendered":"<p>Envalentonado tras el triunfo electoral y con un mejor panorama de n\u00fameros en el Congreso, el Gobierno de\u00a0<b>Javier Milei<\/b>\u00a0busca avanzar con un\u00a0<i>segundo round<\/i>\u00a0de\u00a0<b>reformas laborales regresivas<\/b>. Para los especialistas, se trata de terminar con lo que intent\u00f3 hacer ni bien asumi\u00f3 con la\u00a0<b>Ley Bases<\/b>, que ten\u00eda todo un apartado vinculado al trabajo, que fue luego judicializado y volteado en los\u00a0<b>Tribunales<\/b>.<\/p>\n<p>La reforma laboral se basa en las viejas\u00a0<b>ideas de la derecha tradicional<\/b>\u00a0argentina de\u00a0<b>desregular\u00a0<\/b>el mercado laboral, lo que seg\u00fan la tesis libertaria abrir\u00eda una supuesta etapa de beneficios para todos, pero que termina validando una quita de derechos para los trabajadores activos y una normalizaci\u00f3n de la flexibilizaci\u00f3n y los contratos basura.<\/p>\n<p>En concreto, de lo que dijeron hasta ahora el ministro de Econom\u00eda, Luis Caputo, Milei y el portavoz Manuel Adorni se desprende que la reforma incluir\u00eda la eliminaci\u00f3n de las\u00a0<b>paritarias\u00a0<\/b>y su reemplazo por &#8220;negociaciones libres&#8221;, el fin de la\u00a0<b>indemnizaci\u00f3n\u00a0<\/b>por despidos, la imposibilidad por ley de realizar\u00a0<b>juicios laborales<\/b>, la eliminaci\u00f3n de los\u00a0<b>convenios colectivos de trabajo<\/b>, y la posibilidad de\u00a0<b>elegir la moneda<\/b>\u00a0en la que cobrar los sueldos, entre otras cosas.<\/p>\n<p>Hace unos d\u00edas, adem\u00e1s, el secretario de Trabajo,\u00a0<b>Julio Cordero<\/b>, blanque\u00f3 en el Congreso de la Naci\u00f3n al participar de un plenario de comisiones durante el proyecto de ley de Presupuesto 2026 que la intenci\u00f3n es que se negocien aumentos por m\u00e9rito.<\/p>\n<p>Otro apartado importante tendr\u00eda que ver cambios para que el empleo registrado se parezca lo m\u00e1s posible a la\u00a0<b>informalidad\u00a0<\/b>en sus formas actuales, haciendo que se considere que un trabajador est\u00e1\u00a0<b>correctamente registrado\u00a0<\/b>si, en lugar de percibir un recibo de sueldo,\u00a0<b>todos los meses emite su factura\u00a0<\/b>como monotributista.<\/p>\n<h2>Carlos Tomada: &#8220;El mundo de trabajo va a su fin&#8221;<\/h2>\n<p>Por la\u00a0<b><i>750<\/i><\/b>, el exministro de Trabajo,\u00a0<b>Carlos Tomada<\/b>, advirti\u00f3 sobre las consecuencias de una reforma laboral regresiva: \u201cNada bueno podemos esperar de un Gobierno que ya no vale la pena seguir describiendo, que ratifica permanentemente cu\u00e1l es su norte, que es el ajuste, del ajuste, del ajuste que cae sobre los m\u00e1s d\u00e9biles\u201d.<\/p>\n<p>\u201c<b>El mundo del trabajo va a su fin<\/b>. No solamente por las nuevas normas, sino porque no va a haber una recuperaci\u00f3n en la econom\u00eda real. Porque no se lo plantea, porque no es lo que les interesa. Entonces,\u00a0<b>podr\u00e1n pedir que se reactive la actividad industrial, pero no va a ocurrir\u201d<\/b>, afirm\u00f3 en tono dram\u00e1tico.<\/p>\n<p>Tras lo que dijo: \u201c<b>La informalidad no se resuelve con reformas laborales<\/b>. Esto ya lo hemos visto. Tenemos experiencias propias que lo demuestran. Pero los sectores dominantes repiten la idea de la reforma laboral\u201d.<\/p>\n<p>\u201cCreer que va a pasar una reforma de jornada de 12 horas y de pago de indemnizaciones en cuotas,\u00a0<b>ya me da la impresi\u00f3n de que ni siquiera con el resultado electoral del domingo van a poder hacerlo pasar<\/b>. Yo quiero recordar que un escenario parecido, nada es igual, fue el que hubo despu\u00e9s de las elecciones de Macri de medio t\u00e9rmino, donde crey\u00f3 que ten\u00eda todo el poder\u201d, afirm\u00f3.<\/p>\n<h2>\u201cLo que plantea el Gobierno es peligroso\u201d<\/h2>\n<p>En declaraciones a Radio\u00a0<b><i>750,<\/i><\/b>\u00a0Laura\u00a0<b>Sasprizza<\/b>, abogada laboralista especialista en derecho laboral y sindical, explic\u00f3 que \u201c<b>lo que plantea el Gobierno es peligroso<\/b>\u201d para los derechos laborales vigentes en el pa\u00eds, y que no es otra cosa que intentar, con mayor m\u00fasculo pol\u00edtico, avanzar con lo que no pudo avanzar en el 2023.<\/p>\n<p>Por eso mismo la b\u00fasqueda de consensos \u2013mucho m\u00e1s facilitada despu\u00e9s de diciembre\u2013 ser\u00e1 clave: el Gobierno no quiere que se repita lo que pas\u00f3 con la Ley Bases, cuya sanci\u00f3n se trab\u00f3 en las sesiones extraordinarias en diciembre de 2023 y enero de 2024 y reci\u00e9n pudo sancionarse,\u00a0<b>con 42 art\u00edculos menos de su cap\u00edtulo laboral<\/b>, el 28 de junio de ese a\u00f1o.<\/p>\n<p>\u201c<b>Es un segundo intento de reforma<\/b>. Porque el primero fue la Ley Bases, que es un recorte que pudo hacer el Gobierno luego de que la CGT le frenara el DNU 70\/23, que arrasaba con los derechos laborales y sindicales. Eso es algo que fren\u00f3 la CGT y luego convalid\u00f3 la C\u00e1mara de Trabajo. Creo que este va a ser completar el trabajo que se intent\u00f3 en un principio\u201d, afirm\u00f3.<\/p>\n<p>Y dijo: \u201c<b>Hay una gran oportunidad de cambiar cosas que deber\u00edan cambiarse.\u00a0<\/b>Hay que ver qu\u00e9 queda. Porque la CGT es muy discutida a nivel p\u00fablico y cu\u00e1l es su rol y ah\u00ed ten\u00e9s su rol y funci\u00f3n: frenar este tipo de avanzadas.\u00a0<b>Y lo que plantea el Gobierno es peligroso para los derechos conquistados\u201d<\/b>.<\/p>\n<p>\u201cAdem\u00e1s, ya se probaron varias recetas en Argentina. Y se sabe cu\u00e1l fue el resultado.\u00a0<b>A un a\u00f1o de la Ley Bases, \u00bfd\u00f3nde est\u00e1 la cantidad de empleo generada habiendo derogado las mal llamadas multas por empleo no registrado?<\/b>\u00a0Eso no gener\u00f3 m\u00e1s empleo\u201d, coment\u00f3.<\/p>\n<h2>La lista de las reformas que pide el FMI<\/h2>\n<div class=\"slot-available\">\n<ol>\n<li>Reforma tributaria que mejore la equidad del sistema<\/li>\n<li>Desregulaci\u00f3n del mercado el\u00e9ctrico mayorista, que vuelve al esquema de los 90<\/li>\n<li>Diagn\u00f3stico y propuesta de reforma de pensiones (jubilaciones)<\/li>\n<li>Eliminar todos los fondos fiduciarios<\/li>\n<li>Racionalizar las entidades extrapresupuestarias ineficientes<\/li>\n<li>Un informe sobre las empresas estatales incluidas en la Ley Bases y su plan para privatizaci\u00f3n y concesi\u00f3n<\/li>\n<li>Completar la integraci\u00f3n de la base de datos administrativos en un \u00fanico registro para mejorar la asistencia social<\/li>\n<li>Opciones de reforma del complejo sistema de distribuci\u00f3n de ingresos de coparticipaci\u00f3n<\/li>\n<li>Presupuesto de d\u00e9ficit cero con marco fiscal de mediano plazo y riesgo fiscal detallado<\/li>\n<li>Modernizar la legislaci\u00f3n de responsabilidad fiscal, es decir, menos multas para quienes evadan impuestos<\/li>\n<li>Mejorar la eficiencia del sector p\u00fablico<\/li>\n<\/ol>\n<h2>\u00bfQu\u00e9 pasa con los trabajadores estatales?<\/h2>\n<p>Romina Picirillo, secretaria de Comunicaci\u00f3n de ATE Capital y parte del \u00c1rea de estudios del trabajo en la de la Fundaci\u00f3n Germ\u00e1n Abdala, explic\u00f3 por la\u00a0<b><i>750<\/i><\/b>: \u201c<b>Es una reforma que vienen instalando desde hace varios a\u00f1os,\u00a0<\/b>porque con el macrismo se instal\u00f3 un proyecto que va en el mismo sentido\u201d.<\/p>\n<p>\u201cEn el empleo estatal vienen desde hace tiempo instalando reformas. En este caso, vienen profundizando la cuesti\u00f3n de las indemnizaciones, del aumento de la jornada, de los juicios laborales, todas cuestiones que vienen a barrer los derechos que quedaban de los trabajadores formales.\u00a0<b>Pero tambi\u00e9n hay que decir que gran parte de la poblaci\u00f3n est\u00e1 en la informalidad<\/b>\u201d, dijo.<\/p>\n<p>Y a\u00f1adi\u00f3: \u201cRealizamos una encuesta entre los empleados p\u00fablicos nacionales y de la Ciudad de Buenos Aires. La iniciativa surgi\u00f3 a partir de un informe que planteaba la cuesti\u00f3n de los trabajadores y hablaba de la hibridez entre\u00a0<b>poder ser un trabajador formal e informal al mismo tiempo<\/b>. Ah\u00ed surge esta idea de pensar en esta hibridez del trabajador\u201d.<\/p>\n<p>\u201cRecogemos la problem\u00e1tica de que hace tiempo que los salarios son bajos.\u00a0<b>Lo que se ve es que el 63 por ciento de los trabajadores tiene otro trabajo<\/b>. El primer punto en la b\u00fasqueda de otro trabajo tiene que ver con que el ingreso est\u00e1 congelado y hay una p\u00e9rdida salarial del 40 por ciento\u201d, afirm\u00f3.<\/p>\n<\/div>\n","protected":false},"excerpt":{"rendered":"<p>Envalentonado tras el triunfo electoral y con un mejor panorama de n\u00fameros en el Congreso, el Gobierno de\u00a0Javier Milei\u00a0busca avanzar con un\u00a0segundo round\u00a0de\u00a0reformas laborales regresivas. Para los especialistas, se trata de terminar con lo que intent\u00f3 hacer ni bien asumi\u00f3 con la\u00a0Ley Bases, que ten\u00eda todo un apartado vinculado al trabajo, que fue luego judicializado [&hellip;]<\/p>\n","protected":false},"author":2,"featured_media":32628,"comment_status":"open","ping_status":"open","sticky":false,"template":"","format":"standard","meta":{"footnotes":""},"categories":[64,66],"tags":[],"class_list":["post-32627","post","type-post","status-publish","format-standard","has-post-thumbnail","hentry","category-nacionales","category-politica-nacionales"],"_links":{"self":[{"href":"https:\/\/radiosurfm.com\/web\/wp-json\/wp\/v2\/posts\/32627","targetHints":{"allow":["GET"]}}],"collection":[{"href":"https:\/\/radiosurfm.com\/web\/wp-json\/wp\/v2\/posts"}],"about":[{"href":"https:\/\/radiosurfm.com\/web\/wp-json\/wp\/v2\/types\/post"}],"author":[{"embeddable":true,"href":"https:\/\/radiosurfm.com\/web\/wp-json\/wp\/v2\/users\/2"}],"replies":[{"embeddable":true,"href":"https:\/\/radiosurfm.com\/web\/wp-json\/wp\/v2\/comments?post=32627"}],"version-history":[{"count":0,"href":"https:\/\/radiosurfm.com\/web\/wp-json\/wp\/v2\/posts\/32627\/revisions"}],"wp:featuredmedia":[{"embeddable":true,"href":"https:\/\/radiosurfm.com\/web\/wp-json\/wp\/v2\/media\/32628"}],"wp:attachment":[{"href":"https:\/\/radiosurfm.com\/web\/wp-json\/wp\/v2\/media?parent=32627"}],"wp:term":[{"taxonomy":"category","embeddable":true,"href":"https:\/\/radiosurfm.com\/web\/wp-json\/wp\/v2\/categories?post=32627"},{"taxonomy":"post_tag","embeddable":true,"href":"https:\/\/radiosurfm.com\/web\/wp-json\/wp\/v2\/tags?post=32627"}],"curies":[{"name":"wp","href":"https:\/\/api.w.org\/{rel}","templated":true}]}}