{"id":32948,"date":"2025-12-02T14:19:02","date_gmt":"2025-12-02T17:19:02","guid":{"rendered":"https:\/\/radiosurfm.com\/web\/?p=32948"},"modified":"2025-12-02T14:19:02","modified_gmt":"2025-12-02T17:19:02","slug":"morales-maciel-asume-su-tercer-mandato-en-san-cosme-y-anticipa-una-transicion-ordenada","status":"publish","type":"post","link":"https:\/\/radiosurfm.com\/web\/2025\/12\/02\/morales-maciel-asume-su-tercer-mandato-en-san-cosme-y-anticipa-una-transicion-ordenada\/","title":{"rendered":"Morales Maciel asume su tercer mandato en San Cosme y anticipa una transici\u00f3n ordenada"},"content":{"rendered":"<p>La intendenta electa de San Cosme, Ver\u00f3nica Morales Maciel, confirm\u00f3 que asumir\u00e1 el pr\u00f3ximo viernes 5 de diciembre a las 20.30 en la Plaza Bartolom\u00e9 Mitre, en un acto organizado por el Concejo Deliberante. Ser\u00e1 su tercer mandato al frente del municipio.<\/p>\n<div class=\"container-spot\" data-tipo=\"tipo_todo\" data-pos=\"NEW_P1_cuerpo\">\n<div id=\"pppSlot6\" class=\" lazyloaded\" data-gpt=\"\/22675780113\/nota\/new_p1_cuerpo\" data-size=\"[[728, 90]]\" data-gpt-mobile=\"\/22675780113\/nota\/new_p1_cuerpo\" data-size-mobile=\"[[320, 100],[300, 250],[300, 100],[300, 50]]\" data-expand=\"300\" data-google-query-id=\"CMDv84O0n5EDFf8l4AMdd9Ex8g\">\n<p>Durante una entrevista con Hoja de Ruta,\u00a0Morales Maciel explic\u00f3 c\u00f3mo ser\u00e1 el cronograma institucional: por la ma\u00f1ana del mismo d\u00eda, se realizar\u00e1 la jura de los nuevos concejales y la elecci\u00f3n de autoridades del cuerpo, mientras que la asunci\u00f3n del Ejecutivo municipal se concretar\u00e1 por la noche.<\/p>\n<p>La intendenta electa asegur\u00f3 que mantiene di\u00e1logo con la actual viceintendenta y que espera tener un diagn\u00f3stico exacto del municipio una vez que formalmente asuma.<\/p>\n<div class=\"container-spot\" data-tipo=\"tipo_todo\" data-pos=\"NEW_P2_cuerpo\">\n<div id=\"pppSlot7\" class=\" lazyloaded\" data-gpt=\"\/22675780113\/nota\/new_p2_cuerpo\" data-size=\"[[728, 90]]\" data-gpt-mobile=\"\/22675780113\/nota\/new_p2_cuerpo\" data-size-mobile=\"[[320, 100],[320, 50],[300, 600],[300, 250],[300, 100],[300, 50]]\" data-expand=\"300\" data-google-query-id=\"CJjl84O0n5EDFYpK3QIdH2IdoA\">\n<p>\u201cVoy a tener un panorama bien claro reci\u00e9n cuando me haga cargo. Hoy no puedo decir mucho porque desconozco realmente la situaci\u00f3n. Todas son versiones extraoficiales\u201d, sostuvo. Anticip\u00f3 que la pr\u00f3xima semana tendr\u00e1 \u201ccontacto con toda la documentaci\u00f3n\u201d para evaluar el estado administrativo y financiero.<\/p>\n<p>Morales Maciel est\u00e1 finalizando su funci\u00f3n en el Ministerio de Desarrollo Social, donde actualmente trabaja. \u201cEstoy cerrando las cuestiones pendientes. Presento mi renuncia ma\u00f1ana y estoy hasta el viernes en el Ministerio\u201d, confirm\u00f3.<\/p>\n<p>Consultada sobre la energ\u00eda para continuar en la gesti\u00f3n p\u00fablica despu\u00e9s de tantos a\u00f1os de trabajo territorial, asegur\u00f3: \u201cLa pol\u00edtica tiene que ser din\u00e1mica. El acompa\u00f1amiento y el cari\u00f1o de la gente es lo que hace que no me canse y quiera seguir trabajando por mi comunidad\u201d.<\/p>\n<p>Respecto a la conformaci\u00f3n del equipo municipal, la intendenta electa adelant\u00f3 que ya tiene su gabinete listo, pero sin nombres p\u00fablicos por ahora. \u201cYa est\u00e1 definido, pero todav\u00eda ellos no saben\u201d, dijo entre risas.<\/p>\n<\/div>\n<\/div>\n<\/div>\n<\/div>\n","protected":false},"excerpt":{"rendered":"<p>La intendenta electa de San Cosme, Ver\u00f3nica Morales Maciel, confirm\u00f3 que asumir\u00e1 el pr\u00f3ximo viernes 5 de diciembre a las 20.30 en la Plaza Bartolom\u00e9 Mitre, en un acto organizado por el Concejo Deliberante. Ser\u00e1 su tercer mandato al frente del municipio. Durante una entrevista con Hoja de Ruta,\u00a0Morales Maciel explic\u00f3 c\u00f3mo ser\u00e1 el cronograma [&hellip;]<\/p>\n","protected":false},"author":2,"featured_media":32949,"comment_status":"open","ping_status":"open","sticky":false,"template":"","format":"standard","meta":{"footnotes":""},"categories":[66,72],"tags":[],"class_list":["post-32948","post","type-post","status-publish","format-standard","has-post-thumbnail","hentry","category-politica-nacionales","category-provinciales"],"_links":{"self":[{"href":"https:\/\/radiosurfm.com\/web\/wp-json\/wp\/v2\/posts\/32948","targetHints":{"allow":["GET"]}}],"collection":[{"href":"https:\/\/radiosurfm.com\/web\/wp-json\/wp\/v2\/posts"}],"about":[{"href":"https:\/\/radiosurfm.com\/web\/wp-json\/wp\/v2\/types\/post"}],"author":[{"embeddable":true,"href":"https:\/\/radiosurfm.com\/web\/wp-json\/wp\/v2\/users\/2"}],"replies":[{"embeddable":true,"href":"https:\/\/radiosurfm.com\/web\/wp-json\/wp\/v2\/comments?post=32948"}],"version-history":[{"count":1,"href":"https:\/\/radiosurfm.com\/web\/wp-json\/wp\/v2\/posts\/32948\/revisions"}],"predecessor-version":[{"id":32950,"href":"https:\/\/radiosurfm.com\/web\/wp-json\/wp\/v2\/posts\/32948\/revisions\/32950"}],"wp:featuredmedia":[{"embeddable":true,"href":"https:\/\/radiosurfm.com\/web\/wp-json\/wp\/v2\/media\/32949"}],"wp:attachment":[{"href":"https:\/\/radiosurfm.com\/web\/wp-json\/wp\/v2\/media?parent=32948"}],"wp:term":[{"taxonomy":"category","embeddable":true,"href":"https:\/\/radiosurfm.com\/web\/wp-json\/wp\/v2\/categories?post=32948"},{"taxonomy":"post_tag","embeddable":true,"href":"https:\/\/radiosurfm.com\/web\/wp-json\/wp\/v2\/tags?post=32948"}],"curies":[{"name":"wp","href":"https:\/\/api.w.org\/{rel}","templated":true}]}}