{"id":33016,"date":"2025-12-15T12:11:52","date_gmt":"2025-12-15T15:11:52","guid":{"rendered":"https:\/\/radiosurfm.com\/web\/?p=33016"},"modified":"2025-12-15T12:11:52","modified_gmt":"2025-12-15T15:11:52","slug":"murio-santaluceno-tras-un-choque-entre-dos-motos","status":"publish","type":"post","link":"https:\/\/radiosurfm.com\/web\/2025\/12\/15\/murio-santaluceno-tras-un-choque-entre-dos-motos\/","title":{"rendered":"Muri\u00f3 santaluce\u00f1o tras un choque entre dos motos"},"content":{"rendered":"<div id=\"modalIntrotext\">\n<div>La v\u00edctima ten\u00eda 49 a\u00f1os y estaba internada en el Hospital de Goya desde mediados de noviembre.<\/div>\n<\/div>\n<div><\/div>\n<div>\n<div>La Polic\u00eda de Corrientes inform\u00f3 este domingo que muri\u00f3 un hombre que se encontraba internado luego de haber protagonizado un siniestro vial hace un mes en la localidad de Santa Luc\u00eda.<\/div>\n<div><\/div>\n<div>El hecho se registr\u00f3 el 14 de noviembre en inmediaciones de Avenida Italia, donde una Honda Wave 110 cc y una Brava Nevada colisionaron entre si.<\/div>\n<div><\/div>\n<div>Producto del siniestro, ambos conductores fueron auxiliados y trasladados al hospital local y posteriormente derivados al Hospital Regional de Goya, donde la v\u00edctima permaneci\u00f3 internada hasta que en la tarde del s\u00e1bado se produjo su deceso.<\/div>\n<div><\/div>\n<div>En relaci\u00f3n al hecho, en la comisar\u00eda de distrito correspondiente se contin\u00faan llevando adelante las diligencias del caso, con intervenci\u00f3n de la Unidad Fiscal en turno, a fin de esclarecer las circunstancias del siniestro.<\/div>\n<\/div>\n","protected":false},"excerpt":{"rendered":"<p>La v\u00edctima ten\u00eda 49 a\u00f1os y estaba internada en el Hospital de Goya desde mediados de noviembre. La Polic\u00eda de Corrientes inform\u00f3 este domingo que muri\u00f3 un hombre que se encontraba internado luego de haber protagonizado un siniestro vial hace un mes en la localidad de Santa Luc\u00eda. El hecho se registr\u00f3 el 14 de [&hellip;]<\/p>\n","protected":false},"author":2,"featured_media":33017,"comment_status":"open","ping_status":"open","sticky":false,"template":"","format":"standard","meta":{"footnotes":""},"categories":[56,68],"tags":[],"class_list":["post-33016","post","type-post","status-publish","format-standard","has-post-thumbnail","hentry","category-locales","category-policiales-nacionales"],"_links":{"self":[{"href":"https:\/\/radiosurfm.com\/web\/wp-json\/wp\/v2\/posts\/33016","targetHints":{"allow":["GET"]}}],"collection":[{"href":"https:\/\/radiosurfm.com\/web\/wp-json\/wp\/v2\/posts"}],"about":[{"href":"https:\/\/radiosurfm.com\/web\/wp-json\/wp\/v2\/types\/post"}],"author":[{"embeddable":true,"href":"https:\/\/radiosurfm.com\/web\/wp-json\/wp\/v2\/users\/2"}],"replies":[{"embeddable":true,"href":"https:\/\/radiosurfm.com\/web\/wp-json\/wp\/v2\/comments?post=33016"}],"version-history":[{"count":1,"href":"https:\/\/radiosurfm.com\/web\/wp-json\/wp\/v2\/posts\/33016\/revisions"}],"predecessor-version":[{"id":33018,"href":"https:\/\/radiosurfm.com\/web\/wp-json\/wp\/v2\/posts\/33016\/revisions\/33018"}],"wp:featuredmedia":[{"embeddable":true,"href":"https:\/\/radiosurfm.com\/web\/wp-json\/wp\/v2\/media\/33017"}],"wp:attachment":[{"href":"https:\/\/radiosurfm.com\/web\/wp-json\/wp\/v2\/media?parent=33016"}],"wp:term":[{"taxonomy":"category","embeddable":true,"href":"https:\/\/radiosurfm.com\/web\/wp-json\/wp\/v2\/categories?post=33016"},{"taxonomy":"post_tag","embeddable":true,"href":"https:\/\/radiosurfm.com\/web\/wp-json\/wp\/v2\/tags?post=33016"}],"curies":[{"name":"wp","href":"https:\/\/api.w.org\/{rel}","templated":true}]}}