{"id":33019,"date":"2025-12-15T12:15:18","date_gmt":"2025-12-15T15:15:18","guid":{"rendered":"https:\/\/radiosurfm.com\/web\/?p=33019"},"modified":"2025-12-15T12:15:18","modified_gmt":"2025-12-15T15:15:18","slug":"el-peronismo-pone-la-lupa-en-los-dirigentes-discolos","status":"publish","type":"post","link":"https:\/\/radiosurfm.com\/web\/2025\/12\/15\/el-peronismo-pone-la-lupa-en-los-dirigentes-discolos\/","title":{"rendered":"El peronismo pone la lupa en los dirigentes d\u00edscolos"},"content":{"rendered":"<div>El Consejo Provincial del Partido Justicialista de Corrientes se reuni\u00f3 para cerrar el a\u00f1o y anunciar que analizar\u00e1 los pedidos de sanci\u00f3n y expulsi\u00f3n referidas a afiliadas y afiliados que participaron en listas ajenas al partido durante las \u00faltimas elecciones.<\/div>\n<div>\n<div><\/div>\n<div>Por unanimidad, se aprob\u00f3 designar \u201cLeonardo Aguirre\u201d como nombre de la sesi\u00f3n ordinaria del Consejo, en homenaje al ex intendente de Yofre y ex vicepresidente primero del PJ Corrientes.Durante la reuni\u00f3n, compa\u00f1eras y compa\u00f1eros hicieron uso de la palabra, analizando la situaci\u00f3n pol\u00edtica de la provincia, de la Naci\u00f3n y de cada localidad, compartiendo diagn\u00f3sticos y perspectivas de trabajo de cara al nuevo ciclo pol\u00edtico.Asimismo, se designaron las y los titulares de las distintas Secretar\u00edas del Consejo Provincial, en cumplimiento de lo establecido por la Carta Org\u00e1nica partidaria y formalizando as\u00ed la estructura institucional.<\/div>\n<div>Se destac\u00f3 adem\u00e1s que, desde el Partido Justicialista de Corrientes, se han cumplimentado todas las instancias normativas y partidarias necesarias para la realizaci\u00f3n de la sesi\u00f3n, contando con un amplio acompa\u00f1amiento por parte de las y los consejeros, quienes respaldaron las definiciones propuestas por la conducci\u00f3n partidaria.<\/div>\n<\/div>\n<div>\n<div><\/div>\n<div>Por definici\u00f3n partidaria, el peronismo correntino reafirm\u00f3 su decisi\u00f3n de fortalecer una oposici\u00f3n firme, democr\u00e1tica y en defensa de los derechos del pueblo, tanto frente al gobierno provincial como frente al gobierno nacional de ajuste y hambre encabezado por Javier Milei.<\/div>\n<\/div>\n<div>\n<div><\/div>\n<div>En esa l\u00ednea, se subray\u00f3 la importancia de sostener una agenda pol\u00edtica que proteja a los trabajadores, a los sectores productivos y a los m\u00e1s vulnerados.<\/div>\n<\/div>\n<div>\n<div><\/div>\n<div>Por otra parte, ingresaron notas de pedidos de sanci\u00f3n y expulsi\u00f3n referidas a afiliadas y afiliados que participaron en listas ajenas al Partido durante las \u00faltimas elecciones.<\/div>\n<\/div>\n<div>\n<div><\/div>\n<div>Todas las presentaciones fueron giradas a la Junta de Disciplina, organismo encargado de evaluar y resolver cada situaci\u00f3n conforme al procedimiento partidario vigente.co normativo de la ciudad.<\/div>\n<\/div>\n","protected":false},"excerpt":{"rendered":"<p>El Consejo Provincial del Partido Justicialista de Corrientes se reuni\u00f3 para cerrar el a\u00f1o y anunciar que analizar\u00e1 los pedidos de sanci\u00f3n y expulsi\u00f3n referidas a afiliadas y afiliados que participaron en listas ajenas al partido durante las \u00faltimas elecciones. Por unanimidad, se aprob\u00f3 designar \u201cLeonardo Aguirre\u201d como nombre de la sesi\u00f3n ordinaria del Consejo, [&hellip;]<\/p>\n","protected":false},"author":2,"featured_media":33020,"comment_status":"open","ping_status":"open","sticky":false,"template":"","format":"standard","meta":{"footnotes":""},"categories":[66,72],"tags":[],"class_list":["post-33019","post","type-post","status-publish","format-standard","has-post-thumbnail","hentry","category-politica-nacionales","category-provinciales"],"_links":{"self":[{"href":"https:\/\/radiosurfm.com\/web\/wp-json\/wp\/v2\/posts\/33019","targetHints":{"allow":["GET"]}}],"collection":[{"href":"https:\/\/radiosurfm.com\/web\/wp-json\/wp\/v2\/posts"}],"about":[{"href":"https:\/\/radiosurfm.com\/web\/wp-json\/wp\/v2\/types\/post"}],"author":[{"embeddable":true,"href":"https:\/\/radiosurfm.com\/web\/wp-json\/wp\/v2\/users\/2"}],"replies":[{"embeddable":true,"href":"https:\/\/radiosurfm.com\/web\/wp-json\/wp\/v2\/comments?post=33019"}],"version-history":[{"count":1,"href":"https:\/\/radiosurfm.com\/web\/wp-json\/wp\/v2\/posts\/33019\/revisions"}],"predecessor-version":[{"id":33021,"href":"https:\/\/radiosurfm.com\/web\/wp-json\/wp\/v2\/posts\/33019\/revisions\/33021"}],"wp:featuredmedia":[{"embeddable":true,"href":"https:\/\/radiosurfm.com\/web\/wp-json\/wp\/v2\/media\/33020"}],"wp:attachment":[{"href":"https:\/\/radiosurfm.com\/web\/wp-json\/wp\/v2\/media?parent=33019"}],"wp:term":[{"taxonomy":"category","embeddable":true,"href":"https:\/\/radiosurfm.com\/web\/wp-json\/wp\/v2\/categories?post=33019"},{"taxonomy":"post_tag","embeddable":true,"href":"https:\/\/radiosurfm.com\/web\/wp-json\/wp\/v2\/tags?post=33019"}],"curies":[{"name":"wp","href":"https:\/\/api.w.org\/{rel}","templated":true}]}}