{"id":33022,"date":"2025-12-15T12:18:53","date_gmt":"2025-12-15T15:18:53","guid":{"rendered":"https:\/\/radiosurfm.com\/web\/?p=33022"},"modified":"2025-12-15T12:18:53","modified_gmt":"2025-12-15T15:18:53","slug":"en-plaza-mitre-recordaron-la-navidad-a-18-meses-de-la-desaparicion-de-loan","status":"publish","type":"post","link":"https:\/\/radiosurfm.com\/web\/2025\/12\/15\/en-plaza-mitre-recordaron-la-navidad-a-18-meses-de-la-desaparicion-de-loan\/","title":{"rendered":"En Plaza Mitre recordaron la Navidad a 18 meses de la desaparici\u00f3n de Loan"},"content":{"rendered":"<div id=\"modalIntrotext\">\n<div>En el principal paseo p\u00fablico de la ciudad, frente al Juzgado Federal de Goya, familiares, amigos, religiosos y ciudadanos en general, recordaron este s\u00e1bado 13 de diciembre, que pasaron ya 18 meses desde que el peque\u00f1o Loan Pe\u00f1a desapareci\u00f3 en un campo de la localidad de 9 de Julio, y reclamaron por su pronta aparici\u00f3n sano y salvo.<\/div>\n<\/div>\n","protected":false},"excerpt":{"rendered":"<p>En el principal paseo p\u00fablico de la ciudad, frente al Juzgado Federal de Goya, familiares, amigos, religiosos y ciudadanos en general, recordaron este s\u00e1bado 13 de diciembre, que pasaron ya 18 meses desde que el peque\u00f1o Loan Pe\u00f1a desapareci\u00f3 en un campo de la localidad de 9 de Julio, y reclamaron por su pronta aparici\u00f3n [&hellip;]<\/p>\n","protected":false},"author":2,"featured_media":33023,"comment_status":"open","ping_status":"open","sticky":false,"template":"","format":"standard","meta":{"footnotes":""},"categories":[56,68],"tags":[],"class_list":["post-33022","post","type-post","status-publish","format-standard","has-post-thumbnail","hentry","category-locales","category-policiales-nacionales"],"_links":{"self":[{"href":"https:\/\/radiosurfm.com\/web\/wp-json\/wp\/v2\/posts\/33022","targetHints":{"allow":["GET"]}}],"collection":[{"href":"https:\/\/radiosurfm.com\/web\/wp-json\/wp\/v2\/posts"}],"about":[{"href":"https:\/\/radiosurfm.com\/web\/wp-json\/wp\/v2\/types\/post"}],"author":[{"embeddable":true,"href":"https:\/\/radiosurfm.com\/web\/wp-json\/wp\/v2\/users\/2"}],"replies":[{"embeddable":true,"href":"https:\/\/radiosurfm.com\/web\/wp-json\/wp\/v2\/comments?post=33022"}],"version-history":[{"count":1,"href":"https:\/\/radiosurfm.com\/web\/wp-json\/wp\/v2\/posts\/33022\/revisions"}],"predecessor-version":[{"id":33024,"href":"https:\/\/radiosurfm.com\/web\/wp-json\/wp\/v2\/posts\/33022\/revisions\/33024"}],"wp:featuredmedia":[{"embeddable":true,"href":"https:\/\/radiosurfm.com\/web\/wp-json\/wp\/v2\/media\/33023"}],"wp:attachment":[{"href":"https:\/\/radiosurfm.com\/web\/wp-json\/wp\/v2\/media?parent=33022"}],"wp:term":[{"taxonomy":"category","embeddable":true,"href":"https:\/\/radiosurfm.com\/web\/wp-json\/wp\/v2\/categories?post=33022"},{"taxonomy":"post_tag","embeddable":true,"href":"https:\/\/radiosurfm.com\/web\/wp-json\/wp\/v2\/tags?post=33022"}],"curies":[{"name":"wp","href":"https:\/\/api.w.org\/{rel}","templated":true}]}}