{"id":33042,"date":"2025-12-15T13:08:30","date_gmt":"2025-12-15T16:08:30","guid":{"rendered":"https:\/\/radiosurfm.com\/web\/?p=33042"},"modified":"2025-12-15T13:08:30","modified_gmt":"2025-12-15T16:08:30","slug":"ypf-anuncio-que-la-nafta-bajara-en-promedio-un-2-esta-semana","status":"publish","type":"post","link":"https:\/\/radiosurfm.com\/web\/2025\/12\/15\/ypf-anuncio-que-la-nafta-bajara-en-promedio-un-2-esta-semana\/","title":{"rendered":"YPF anunci\u00f3 que la nafta bajar\u00e1 en promedio un 2% esta semana"},"content":{"rendered":"<p>El presidente y CEO de <strong>YPF<\/strong>, Horacio Mar\u00edn,<strong>\u00a0anticip\u00f3 que esta semana los precios de los combustibles en Argentina experimentar\u00e1n una reducci\u00f3n promedio del 2%<\/strong>, una medida que responde a la din\u00e1mica de oferta y demanda y que, seg\u00fan sus palabras, no se aplicar\u00e1 de manera uniforme en todo el pa\u00eds.<\/p>\n<p>Subray\u00f3 que la empresa realiza un seguimiento minucioso de las variables que inciden en el precio final, lo que permite ajustar los valores de acuerdo con las condiciones del mercado. El directivo precis\u00f3: \u201cTodos los d\u00edas un poquito, no en todos los lados iguales\u201d.<\/p>\n<p>Mar\u00edn explic\u00f3 que, desde el inicio de su gesti\u00f3n a finales de 2023, se propuso establecer un \u201cacuerdo de honestidad con los consumidores\u201d, lo que implica que los precios de los combustibles suben o bajan en funci\u00f3n de la oferta y la demanda.<\/p>\n<p>Durante un di\u00e1logo con LN+, en lo que se refiere al gasoil, Mar\u00edn indic\u00f3 que la situaci\u00f3n es m\u00e1s compleja: \u201cUno hay que subir y uno hay que bajar\u201d, en referencia a los ajustes diferenciados que se aplicar\u00e1n a los distintos tipos de combustibles.<\/p>\n<p>En el \u00faltimo mes, el precio de la nafta s\u00faper en la Ciudad de Buenos Aires registr\u00f3 un incremento de 4,5% en el \u00faltimo mes, superando la inflaci\u00f3n, que se ubic\u00f3 en 2%. En t\u00e9rminos interanuales, el aumento alcanz\u00f3 41,2%, con el litro pasando de $1.108 en diciembre de 2024 a $1.564 en la actualidad, seg\u00fan datos de Surtidores.<\/p>\n<p>En el caso de la nafta premium, el precio subi\u00f3 3,5% en el \u00faltimo mes, de $1.738 a $1.799, y 31,31% en comparaci\u00f3n con diciembre del a\u00f1o pasado. El litro pas\u00f3 de $1.370 a $1.799. El gasoil aument\u00f3 4,04% respecto a noviembre y 39,84% interanual, alcanzando $1.570 por litro.<\/p>\n<p>De hecho, el incremento de los combustibles en el \u00faltimo a\u00f1o super\u00f3 la inflaci\u00f3n, que se ubic\u00f3 en torno al 30%.<\/p>\n<p>Por otro lado, al abordar el debate sobre la reforma laboral impulsada por el Gobierno, Mar\u00edn consider\u00f3 que la modernizaci\u00f3n de la legislaci\u00f3n es una discusi\u00f3n de larga data y que resulta imprescindible para el sector energ\u00e9tico.<\/p>\n<p>&#8220;En el sector energ\u00e9tico necesitamos modernizarnos porque, para lograr los n\u00fameros que estamos logrando, YPF y todas las compa\u00f1\u00edas tenemos que ser competitivas porque nuestro petr\u00f3leo y gas compiten con las Vacas Muertas norteamericanas. Entonces, nos ayuda la geolog\u00eda, pero tenemos que ser tan eficientes como ellos para poder exportar durante 20 a\u00f1os. Por eso es muy importante nuestro sector, porque la productividad la tienen que definir las compa\u00f1\u00edas\u201d, afirm\u00f3.<\/p>\n<p>En el tramo final de su entrevista, Mar\u00edn destac\u00f3 el papel de Vaca Muerta en el desarrollo econ\u00f3mico nacional, al afirmar que la compa\u00f1\u00eda impulsa el aprovechamiento pleno de este recurso junto a toda la industria. \u201cAl desarrollar un activo tan bueno, que es mejor que cualquiera yacimiento similar de los Estados Unidos, generamos esta riqueza y la sacamos del suelo. Ese es nuestro grano de arena para que la Argentina se desarrolle\u201d, sostuvo el presidente de la petrolera estatal.<\/p>\n<p>Consultado sobre su balance de los dos a\u00f1os de Gobierno del presidente Javier Milei, expres\u00f3: \u201cEstoy tan contento como estoy con YPF\u201d. Adem\u00e1s, profundiz\u00f3 en la relevancia de contar con un pa\u00eds abierto y un mercado libre para favorecer las exportaciones y la llegada de inversiones al sector energ\u00e9tico. \u201cA YPF no le podr\u00eda ir bien sin un pa\u00eds con transformaciones\u201d, concluy\u00f3 el directivo.<\/p>\n","protected":false},"excerpt":{"rendered":"<p>El presidente y CEO de YPF, Horacio Mar\u00edn,\u00a0anticip\u00f3 que esta semana los precios de los combustibles en Argentina experimentar\u00e1n una reducci\u00f3n promedio del 2%, una medida que responde a la din\u00e1mica de oferta y demanda y que, seg\u00fan sus palabras, no se aplicar\u00e1 de manera uniforme en todo el pa\u00eds. Subray\u00f3 que la empresa realiza [&hellip;]<\/p>\n","protected":false},"author":2,"featured_media":33043,"comment_status":"open","ping_status":"open","sticky":false,"template":"","format":"standard","meta":{"footnotes":""},"categories":[65,64],"tags":[],"class_list":["post-33042","post","type-post","status-publish","format-standard","has-post-thumbnail","hentry","category-economia","category-nacionales"],"_links":{"self":[{"href":"https:\/\/radiosurfm.com\/web\/wp-json\/wp\/v2\/posts\/33042","targetHints":{"allow":["GET"]}}],"collection":[{"href":"https:\/\/radiosurfm.com\/web\/wp-json\/wp\/v2\/posts"}],"about":[{"href":"https:\/\/radiosurfm.com\/web\/wp-json\/wp\/v2\/types\/post"}],"author":[{"embeddable":true,"href":"https:\/\/radiosurfm.com\/web\/wp-json\/wp\/v2\/users\/2"}],"replies":[{"embeddable":true,"href":"https:\/\/radiosurfm.com\/web\/wp-json\/wp\/v2\/comments?post=33042"}],"version-history":[{"count":1,"href":"https:\/\/radiosurfm.com\/web\/wp-json\/wp\/v2\/posts\/33042\/revisions"}],"predecessor-version":[{"id":33044,"href":"https:\/\/radiosurfm.com\/web\/wp-json\/wp\/v2\/posts\/33042\/revisions\/33044"}],"wp:featuredmedia":[{"embeddable":true,"href":"https:\/\/radiosurfm.com\/web\/wp-json\/wp\/v2\/media\/33043"}],"wp:attachment":[{"href":"https:\/\/radiosurfm.com\/web\/wp-json\/wp\/v2\/media?parent=33042"}],"wp:term":[{"taxonomy":"category","embeddable":true,"href":"https:\/\/radiosurfm.com\/web\/wp-json\/wp\/v2\/categories?post=33042"},{"taxonomy":"post_tag","embeddable":true,"href":"https:\/\/radiosurfm.com\/web\/wp-json\/wp\/v2\/tags?post=33042"}],"curies":[{"name":"wp","href":"https:\/\/api.w.org\/{rel}","templated":true}]}}