{"id":33048,"date":"2025-12-15T13:20:31","date_gmt":"2025-12-15T16:20:31","guid":{"rendered":"https:\/\/radiosurfm.com\/web\/?p=33048"},"modified":"2025-12-15T13:20:31","modified_gmt":"2025-12-15T16:20:31","slug":"reforma-laboral-el-gobierno-quiere-tratamiento-express-y-fuerza-patria-contragolpea-con-su-propio-dictamen","status":"publish","type":"post","link":"https:\/\/radiosurfm.com\/web\/2025\/12\/15\/reforma-laboral-el-gobierno-quiere-tratamiento-express-y-fuerza-patria-contragolpea-con-su-propio-dictamen\/","title":{"rendered":"Reforma laboral: el Gobierno quiere tratamiento express y Fuerza Patria contragolpea con su propio dictamen"},"content":{"rendered":"<p class=\"c-paragraph\">La Casa Rosada baj\u00f3 una orden clara a sus legisladores: quieren que en este per\u00edodo de sesiones extraordinarias, que terminar\u00e1 el 30 de diciembre,\u00a0<b>no s\u00f3lo se apruebe el Presupuesto 2026, sino tambi\u00e9n que avancen con la reforma laboral<\/b>\u00a0y, al menos, consigan la aprobaci\u00f3n de ese proyecto en el Senado.<\/p>\n<p class=\"c-paragraph\">Con los tiempos justos &#8211;tiene cerca de dos semanas para lograrlo&#8211;\u00a0<b>el oficialismo intentar\u00e1 dictaminar esta semana para poder llevar la reforma laboral al recinto a fin de mes.<\/b>\u00a0El peronismo, mientras tanto, prepara su propio dictamen de minor\u00eda con una propuesta de reforma laboral completamente distinta a la de Javier Milei, a la que consideran \u201cregresiva\u201d.<\/p>\n<p class=\"c-paragraph\">El texto en el que trabaj\u00f3 el peronismo no ser\u00e1 un proyecto de Ley porque en per\u00edodo de sesiones extraordinarias los legisladores s\u00f3lo pueden tratar los proyectos que env\u00eda el Ejecutivo. Se tratar\u00e1, en cambio, de un dictamen de minor\u00eda que se propondr\u00e1 en el marco del trabajo de comisi\u00f3n.<\/p>\n<p class=\"c-paragraph\">El peronismo, con la pluma del senador Mariano Recalde y de la diputada Vanesa Siley, trabajaron en un texto en el que, no s\u00f3lo se opondr\u00e1n al proyecto de reforma laboral enviado por Milei, sino que, adem\u00e1s, intentar\u00e1n m\u00e1s all\u00e1 con propuestas como la reducci\u00f3n de la jornada laboral que, de ocho horas pasar\u00eda a ser de siete.<\/p>\n<p class=\"c-paragraph\">Tambi\u00e9n quieren avanzar con la idea de propiciar las paritarias sin l\u00edmites, con apartados que hablan espec\u00edficamente del derecho a la desconexi\u00f3n y del trabajo en plataformas y, entre otros, con una ampliaci\u00f3n de las licencias parentales para que los hombres tengan los mismos d\u00edas de licencia que las madres cuando nace un beb\u00e9. Por \u00faltimo, pedir\u00e1n que el salario m\u00ednimo, vital y m\u00f3vil siempre quede por encima de la canasta b\u00e1sica.<\/p>\n<p class=\"c-paragraph\">El martes de la semana que comienza la senadora de LLA, Patricia Bullrich, ser\u00eda designada como presidenta al frente de la comisi\u00f3n de Trabajo y Previsi\u00f3n Social del Senado y, entre el mi\u00e9rcoles y el jueves, en esa misma comisi\u00f3n y en la de Presupuesto, el oficialismo intentar\u00eda dictaminar para buscar sesionar el 29 o 30 de diciembre. Es decir, al filo del l\u00edmite.<\/p>\n<p class=\"c-paragraph\">La CGT, en tanto, se prepara para la movilizaci\u00f3n del jueves a Plaza de Mayo y, mientras tanto, comenz\u00f3 con la tarea de hablar con los gobernadores del peronismo, y de distintos espacios pol\u00edticos. El objetivo es intentar hacer un \u201ccontrapeso\u201d a las negociaciones y ofertas que el oficialismo le est\u00e1 haciendo a los mandatarios provinciales con el objetivo de conseguir la voluntad de los legisladores que les responden a ellos en el Congreso.<\/p>\n<p class=\"c-paragraph\">Cristian Jer\u00f3nimo, uno de los cotitulares de la central obrera, cuestion\u00f3 la reforma del gobierno nacional a la que calific\u00f3 de \u201cregresiva\u201d. \u201cLe saca todo tipo de protecci\u00f3n a los trabajadores y les saca sus derechos individuales y colectivos\u201d, indic\u00f3.<\/p>\n<p class=\"c-paragraph\">En esa l\u00ednea, Jer\u00f3nimo tambi\u00e9n critic\u00f3 los dichos del ministro de Desregulaci\u00f3n Federico Sturzenegger, en los que asegur\u00f3 que distintos puntos de la reforma, como aquellos vinculados a indemnizaciones, ser\u00e1n retroactivos y correr\u00e1n, no \u00fanicamente para los empleados que consigan sus trabajos luego de la supuesta aprobaci\u00f3n de la ley, sino tambi\u00e9n para los que hayan sido contratados antes de la aprobaci\u00f3n de la misma.<\/p>\n<p class=\"c-paragraph\">\u201cSturzenegger tuvo un sincericidio. Lo traicion\u00f3 su inconsciente. Nosotros ven\u00edamos planteando que eso iba a ocurrir y ellos dec\u00edan que no, que era para los nuevos trabajadores. Cualquier ley aplica para todos\u201d, dijo el cotitular de la CGT.<\/p>\n<p class=\"c-paragraph\">El ministro Sturzenegger no se qued\u00f3 callado y este domingo sali\u00f3 a opinar sobre las diversas reformas que est\u00e1 impulsando la Casa Rosada. No habl\u00f3 de la reforma laboral, sino, en l\u00edneas generales, sobre el proceso de \u201cdesregulaci\u00f3n\u201d que \u00e9l encabeza. Consign\u00f3 que \u201cla verdadera batalla no es normativa, sino cultural\u201d.<\/p>\n<p class=\"c-paragraph\">Para el ministro desregulador, \u201cning\u00fan cambio estructural puede sostenerse en el tiempo sin una transformaci\u00f3n en la forma de pensar de la sociedad\u201d, y, en di\u00e1logo radial, indic\u00f3: \u201cDesregular no fue remover controles caprichosamente. Fue sacarle el lastre a un pa\u00eds que hab\u00eda olvidado c\u00f3mo correr\u201d.<\/p>\n<p class=\"c-paragraph\">Sturzenegger puntualiz\u00f3, adem\u00e1s, que \u201cla casta pol\u00edtica, empresarial y sindical supo administrar ese universo discrecional donde el estancamiento era negocio para pocos y tragedia silenciosa para muchos\u201d, y finaliz\u00f3: \u201cLa libertad incomoda. La autonom\u00eda genera v\u00e9rtigo cuando uno vivi\u00f3 a\u00f1os apoyado en un andamiaje artificial\u201d.<\/p>\n","protected":false},"excerpt":{"rendered":"<p>La Casa Rosada baj\u00f3 una orden clara a sus legisladores: quieren que en este per\u00edodo de sesiones extraordinarias, que terminar\u00e1 el 30 de diciembre,\u00a0no s\u00f3lo se apruebe el Presupuesto 2026, sino tambi\u00e9n que avancen con la reforma laboral\u00a0y, al menos, consigan la aprobaci\u00f3n de ese proyecto en el Senado. Con los tiempos justos &#8211;tiene cerca [&hellip;]<\/p>\n","protected":false},"author":2,"featured_media":33049,"comment_status":"open","ping_status":"open","sticky":false,"template":"","format":"standard","meta":{"footnotes":""},"categories":[64,66],"tags":[],"class_list":["post-33048","post","type-post","status-publish","format-standard","has-post-thumbnail","hentry","category-nacionales","category-politica-nacionales"],"_links":{"self":[{"href":"https:\/\/radiosurfm.com\/web\/wp-json\/wp\/v2\/posts\/33048","targetHints":{"allow":["GET"]}}],"collection":[{"href":"https:\/\/radiosurfm.com\/web\/wp-json\/wp\/v2\/posts"}],"about":[{"href":"https:\/\/radiosurfm.com\/web\/wp-json\/wp\/v2\/types\/post"}],"author":[{"embeddable":true,"href":"https:\/\/radiosurfm.com\/web\/wp-json\/wp\/v2\/users\/2"}],"replies":[{"embeddable":true,"href":"https:\/\/radiosurfm.com\/web\/wp-json\/wp\/v2\/comments?post=33048"}],"version-history":[{"count":1,"href":"https:\/\/radiosurfm.com\/web\/wp-json\/wp\/v2\/posts\/33048\/revisions"}],"predecessor-version":[{"id":33050,"href":"https:\/\/radiosurfm.com\/web\/wp-json\/wp\/v2\/posts\/33048\/revisions\/33050"}],"wp:featuredmedia":[{"embeddable":true,"href":"https:\/\/radiosurfm.com\/web\/wp-json\/wp\/v2\/media\/33049"}],"wp:attachment":[{"href":"https:\/\/radiosurfm.com\/web\/wp-json\/wp\/v2\/media?parent=33048"}],"wp:term":[{"taxonomy":"category","embeddable":true,"href":"https:\/\/radiosurfm.com\/web\/wp-json\/wp\/v2\/categories?post=33048"},{"taxonomy":"post_tag","embeddable":true,"href":"https:\/\/radiosurfm.com\/web\/wp-json\/wp\/v2\/tags?post=33048"}],"curies":[{"name":"wp","href":"https:\/\/api.w.org\/{rel}","templated":true}]}}