{"id":33215,"date":"2026-01-30T15:29:20","date_gmt":"2026-01-30T18:29:20","guid":{"rendered":"https:\/\/radiosurfm.com\/web\/?p=33215"},"modified":"2026-01-30T15:29:20","modified_gmt":"2026-01-30T18:29:20","slug":"la-rosada-les-exige-votos-antes-que-cualquier-compensacion","status":"publish","type":"post","link":"https:\/\/radiosurfm.com\/web\/2026\/01\/30\/la-rosada-les-exige-votos-antes-que-cualquier-compensacion\/","title":{"rendered":"La Rosada les exige votos antes que cualquier compensaci\u00f3n"},"content":{"rendered":"<p class=\"c-paragraph\">Tras un encuentro en la Casa de la Provincia de Salta, los mandatarios del norte se mostraron dispuestos a acompa\u00f1ar la reforma laboral libertaria, pero condicionaron t\u00edmidamente su apoyo a eventuales compensaciones. Lo que comenz\u00f3 como una reuni\u00f3n para forzar la baja del art\u00edculo 191, que recorta fondos coparticipables, termin\u00f3 con una visita presuntamente sorpresiva del ministro del Interior, Diego Santilli, y una foto en la que se lo ve sonriente junto a los gobernadores de Tucum\u00e1n, Salta y Catamarca. Los mandatarios coincidieron en \u201cla necesidad de una reforma\u201d, aunque advirtieron que debe contemplar \u201cla realidad fiscal de las provincias\u201d.\u00a0<b>Santilli traslad\u00f3 los reclamos a la Casa Rosada, donde el ala dura del Gobierno, comandada por Luis Caputo, se resiste a dar de baja el art\u00edculo que impactar\u00e1 de lleno en las arcas provinciales y pretende supeditar cualquier compensaci\u00f3n al acompa\u00f1amiento de la ley. Un cheque en blanco que los gobernadores empiezan a dudar en firmar.<\/b>\u00a0Frente a la intransigencia del oficialismo, los mandatarios buscar\u00e1n reunirse la pr\u00f3xima semana en el Consejo Federal de Inversiones (CFI) para coordinar una estrategia com\u00fan.<\/p>\n<div id=\"ad-slot-video_inread\" class=\"ad-slot-video_inread ad-slot\" data-adtype=\"video_inread\" data-google-query-id=\"CJiTpcPxs5IDFToW4AMdksA55g\">\n<div id=\"google_ads_iframe_\/349353471\/p12\/nota_video_inread_0__container__\"><\/div>\n<\/div>\n<p class=\"c-paragraph\">Faltan 13 d\u00edas para que la reforma laboral se trate en el Senado. Confiado, el Gobierno quiere que la sesi\u00f3n sea el mismo 11 de febrero. Atento a evitar sorpresas de \u00faltimo momento, el ministro del Interior, Diego Santilli, se acerc\u00f3 ayer al mediod\u00eda a la reuni\u00f3n que los gobernadores dialoguistas Gustavo S\u00e1enz, Osvaldo Jaldo y Ra\u00fal Jalil mantuvieron en la Casa de la Provincia de Salta. Durante el encuentro no hubo planteos sobre el n\u00facleo central de la ley -que afectar\u00e1 a millones de trabajadores- sino sobre su impacto en las arcas provinciales. El curso de las negociaciones confirma el nivel de desconexi\u00f3n que existe entre la agenda de los trabajadores y los intereses de los mandatarios. \u201cEntendemos que es una ley necesaria, pero nunca afectando los intereses de nuestra provincia\u201d, dijo el salte\u00f1o al finalizar el encuentro. Por su parte, Osvaldo Jaldo comparti\u00f3 un posteo en el que alert\u00f3 que \u201cla ca\u00edda en la recaudaci\u00f3n, producto de la baja del consumo, sumada a una eventual reducci\u00f3n de al\u00edcuotas, impactar\u00eda negativamente en los ingresos provinciales y profundizar\u00eda las dificultades econ\u00f3micas y financieras que ya enfrentamos\u201d.<\/p>\n<p class=\"c-paragraph\"><b>Santilli les hizo saber que las compensaciones podr\u00edan llegar despu\u00e9s del acompa\u00f1amiento parlamentario a la reforma laboral. <\/b>Un sistema de premios y castigos de dudosa ejecuci\u00f3n. Sin garant\u00edas por parte del Gobierno, los dialoguistas comenzaron a intercambiar mensajes con otros mandatarios para impulsar un encuentro en el CFI. Si bien al cierre de esta edici\u00f3n todav\u00eda no hab\u00eda una fecha confirmada, la reuni\u00f3n podr\u00eda concretarse la pr\u00f3xima semana con la participaci\u00f3n de otros gobernadores. El \u00faltimo antecedente de este tipo fue cuando los mandatarios avanzaron en el Congreso con la b\u00fasqueda de la transferencia directa de los Aportes del Tesoro Nacional (ATN) y de una parte del Impuesto a los Combustibles L\u00edquidos.<b>\u00a0La lectura que empieza a imponerse es que la negociaci\u00f3n \u201cuno a uno\u201d de los gobernadores con Balcarce 50 -incluso entre los m\u00e1s alineados- podr\u00eda dejarlos sin nada.\u00a0<\/b>\u201cEmpiezan a entender la necesidad de tener una postura com\u00fan para ganar fuerza\u201d, explic\u00f3 una fuente al tanto de las conversaciones entre los mandatarios.<\/p>\n<p class=\"c-paragraph\">Los gobernadores compartieron una agenda de trabajo que comenz\u00f3 temprano en la ma\u00f1ana. Hasta la Casa de Salta tambi\u00e9n llegaron algunos diputados y senadores que podr\u00edan acercarse a un armado pol\u00edtico que qued\u00f3 inconcluso tras conocerse la definici\u00f3n de los bloques parlamentarios en el Congreso. Tanto S\u00e1enz como Jalil y Jaldo coquetean desde hace tiempo con la idea de conformar el bloque federal m\u00e1s numeroso en la C\u00e1mara baja. Si bien las conversaciones existen, los encuentros no terminan de plasmar cohesi\u00f3n. Ni el misionero Hugo Passalacqua ni el neuquino Rolando Figueroa participaron de la reuni\u00f3n, a pesar de haber manifestado la intenci\u00f3n de hacerlo.<\/p>\n<p class=\"c-paragraph\">Convertido en un catalizador de reclamos pero sin poder de fuego real, Santilli calific\u00f3 el encuentro como positivo y afirm\u00f3: \u201cQueremos que Argentina tenga formalizaci\u00f3n laboral y hablamos sobre las cuentas fiscales de cada una de las provincias, entendiendo que los argentinos queremos que haya una baja de impuestos\u201d. Luego se traslad\u00f3 a la Casa Rosada, donde volv\u00eda a reunirse la mesa pol\u00edtica.<\/p>\n<p class=\"c-paragraph\"><b>Las posiciones<\/b><\/p>\n<p class=\"c-paragraph\">All\u00ed conviven dos posiciones. La m\u00e1s intransigente la encabeza Luis \u201cToto\u201d Caputo, que se reh\u00fasa a hacer concesiones a los gobernadores y, mucho menos, a retirar el art\u00edculo que modifica la recaudaci\u00f3n del Impuesto a las Ganancias. \u201cNo se va a tocar\u201d, insistieron en Balcarce 50 una vez concluido el encuentro, en el que adem\u00e1s se abord\u00f3 la presi\u00f3n para que el Gobierno declare cuanto antes la emergencia \u00edgnea. El oficialismo analiz\u00f3 el costo pol\u00edtico de seguir dilatando una respuesta en medio de la crisis y los bailes del presidente y opt\u00f3 por evitar que el r\u00e9dito se lo lleve el PRO, teniendo en cuenta que la iniciativa con mayores adhesiones que circula en el Senado es la impulsada por la chubutense Elizabeth Terenzi alineada a Ignacio Torres.<\/p>\n<p class=\"c-paragraph\">Si el Gobierno decide mantener el texto tal como est\u00e1 dictaminado, podr\u00eda correr el riesgo de perder art\u00edculos en la votaci\u00f3n en particular. El oficialismo se muestra confiado. Bullrich transmite a la mesa pol\u00edtica que tendr\u00e1 unos 44 apoyos, si no m\u00e1s. Esos 44 votos implican a todos los senadores, a excepci\u00f3n del interbloque Justicialista que conduce Jos\u00e9 Mayans, donde conviven tensiones no resueltas que podr\u00edan derivar en nuevas fugas en las pr\u00f3ximas horas. \u201cYa no somos 28\u201d, dijo un legislador de ese espacio a este diario y encendi\u00f3 las luces de alarma. El peronismo no contaba con fisuras a d\u00edas del tratamiento de la reforma m\u00e1s regresiva que impulsa el gobierno de Javier Milei.<\/p>\n<p class=\"c-paragraph\">Este viernes Santilli continuar\u00e1 su gira federal en la provincia de Corrientes, donde visitar\u00e1 al recientemente asumido gobernador Juan Pablo Vald\u00e9s. La agenda del ministro tambi\u00e9n incluye una reuni\u00f3n con el misionero Hugo Passalacqua, que controla otros dos votos clave en el Senado. El gobernador iba a participar del encuentro con los mandatarios del norte, pero a \u00faltimo momento desisti\u00f3. En tiempos de negociaciiones abiertas, cada cual atiende su juego.<\/p>\n","protected":false},"excerpt":{"rendered":"<p>Tras un encuentro en la Casa de la Provincia de Salta, los mandatarios del norte se mostraron dispuestos a acompa\u00f1ar la reforma laboral libertaria, pero condicionaron t\u00edmidamente su apoyo a eventuales compensaciones. Lo que comenz\u00f3 como una reuni\u00f3n para forzar la baja del art\u00edculo 191, que recorta fondos coparticipables, termin\u00f3 con una visita presuntamente sorpresiva [&hellip;]<\/p>\n","protected":false},"author":2,"featured_media":33216,"comment_status":"open","ping_status":"open","sticky":false,"template":"","format":"standard","meta":{"footnotes":""},"categories":[64],"tags":[],"class_list":["post-33215","post","type-post","status-publish","format-standard","has-post-thumbnail","hentry","category-nacionales"],"_links":{"self":[{"href":"https:\/\/radiosurfm.com\/web\/wp-json\/wp\/v2\/posts\/33215","targetHints":{"allow":["GET"]}}],"collection":[{"href":"https:\/\/radiosurfm.com\/web\/wp-json\/wp\/v2\/posts"}],"about":[{"href":"https:\/\/radiosurfm.com\/web\/wp-json\/wp\/v2\/types\/post"}],"author":[{"embeddable":true,"href":"https:\/\/radiosurfm.com\/web\/wp-json\/wp\/v2\/users\/2"}],"replies":[{"embeddable":true,"href":"https:\/\/radiosurfm.com\/web\/wp-json\/wp\/v2\/comments?post=33215"}],"version-history":[{"count":1,"href":"https:\/\/radiosurfm.com\/web\/wp-json\/wp\/v2\/posts\/33215\/revisions"}],"predecessor-version":[{"id":33217,"href":"https:\/\/radiosurfm.com\/web\/wp-json\/wp\/v2\/posts\/33215\/revisions\/33217"}],"wp:featuredmedia":[{"embeddable":true,"href":"https:\/\/radiosurfm.com\/web\/wp-json\/wp\/v2\/media\/33216"}],"wp:attachment":[{"href":"https:\/\/radiosurfm.com\/web\/wp-json\/wp\/v2\/media?parent=33215"}],"wp:term":[{"taxonomy":"category","embeddable":true,"href":"https:\/\/radiosurfm.com\/web\/wp-json\/wp\/v2\/categories?post=33215"},{"taxonomy":"post_tag","embeddable":true,"href":"https:\/\/radiosurfm.com\/web\/wp-json\/wp\/v2\/tags?post=33215"}],"curies":[{"name":"wp","href":"https:\/\/api.w.org\/{rel}","templated":true}]}}