{"id":33218,"date":"2026-01-30T15:33:34","date_gmt":"2026-01-30T18:33:34","guid":{"rendered":"https:\/\/radiosurfm.com\/web\/?p=33218"},"modified":"2026-01-30T15:33:34","modified_gmt":"2026-01-30T18:33:34","slug":"con-una-orden-ejecutiva-trump-prepara-el-terreno-para-avanzar-sobre-cuba","status":"publish","type":"post","link":"https:\/\/radiosurfm.com\/web\/2026\/01\/30\/con-una-orden-ejecutiva-trump-prepara-el-terreno-para-avanzar-sobre-cuba\/","title":{"rendered":"Con una orden ejecutiva, Trump prepara el terreno para avanzar sobre Cuba"},"content":{"rendered":"<p class=\"c-paragraph\"><b>Despu\u00e9s de atacar Venezuela y secuestrar a Nicol\u00e1s Maduro,\u00a0<\/b><a title=\"https:\/\/www.pagina12.com.ar\/2026\/01\/30\/brutal-acto-de-agresion-cuba-denuncia-el-bloqueo-energetico-de-trump\/\" href=\"https:\/\/www.pagina12.com.ar\/2026\/01\/30\/brutal-acto-de-agresion-cuba-denuncia-el-bloqueo-energetico-de-trump\/\" target=\"_self\" rel=\"\"><b>Donald Trump tiene en la mira a la Revoluci\u00f3n Cubana<\/b>.<\/a>\u00a0\u201cParece que no podr\u00e1 sobrevivir. Cuba no podr\u00e1 sobrevivir\u201d, dijo al comentar su decisi\u00f3n de imponer aranceles a quienes env\u00eden petr\u00f3leo a la isla.<\/p>\n<p class=\"c-paragraph\">En su resoluci\u00f3n,<b>\u00a0Trump dej\u00f3 listo el terreno para una eventual intervenci\u00f3n de fuerzas estadounidenses sobre territorio cubano<\/b>, en l\u00ednea con su reciente operaci\u00f3n en Venezuela y con las amenazas lanzadas hacia Ir\u00e1n. \u201cLas pol\u00edticas, acciones y pr\u00e1cticas del gobierno cubano representan una amenaza inusual y extraordinaria a la seguridad nacional y la pol\u00edtica exterior de los Estados Unidos\u201d, dice el texto.<\/p>\n<p class=\"c-paragraph\">Para justificar esa definici\u00f3n,<b>\u00a0alega que Cuba \u201dalberga y coopera con pa\u00edses y actores considerados hostiles para EE. UU<\/b>., incluyendo a Rusia y China&#8221; y \u201cpermite o facilita actividades de grupos transnacionales como Hezbollah y Hamas\u201d.<\/p>\n<p class=\"c-paragraph\">Adem\u00e1s, acusa al gobierno cubano de \u201capoyar\u00a0<b>pol\u00edticas que pueden desestabilizar el hemisferio occidental\u201d\u00a0<\/b>y menciona \u201cviolaciones a los derechos humanos y represi\u00f3n interna\u201d. La Orden Ejecutiva de Trump invoca una serie de leyes estadounidenses que le permitir\u00edan actuar ante \u201camenazas externas\u201d.<\/p>\n<p class=\"c-paragraph\"><b>\u201cParece que no podr\u00e1 sobrevivir. Cuba no podr\u00e1 sobrevivir\u201d<\/b>, declar\u00f3 el mandatario a la prensa durante la presentaci\u00f3n del documental de la primera dama estadounidense, Melania Trump.<\/p>\n<p class=\"c-paragraph\">El presidente fue preguntado sobre si est\u00e1 intentando \u201cahogar\u201d a Cuba, ante lo que respondi\u00f3 que esa palabra es \u201cmuy dura\u201d, pero asegur\u00f3 que el pa\u00eds caribe\u00f1o es \u201cuna naci\u00f3n fallida\u201d. \u201cHay que sentirse mal por Cuba porque han tratado muy mal a la gente.<b>\u00a0Tenemos muchos cubanoestadounidenses que fueron tratados muy mal y les gustar\u00eda volver\u201d<\/b>, declar\u00f3.<\/p>\n<h2 class=\"p12-article-body__h2\">Qu\u00e9 dice la orden ejecutiva firmada por Trump<\/h2>\n<p class=\"c-paragraph\">1. Declaraci\u00f3n de emergencia nacional<\/p>\n<p class=\"c-paragraph\">El presidente Donald J. Trump declar\u00f3 una emergencia nacional argumentando que las pol\u00edticas, acciones y pr\u00e1cticas del gobierno cubano representan una amenaza inusual y extraordinaria a la seguridad nacional y la pol\u00edtica exterior de los Estados Unidos. \ufffc<\/p>\n<p class=\"c-paragraph\">Seg\u00fan el texto:<\/p>\n<p class=\"c-paragraph\">\u2022 El gobierno de Cuba alberga y coopera con pa\u00edses y actores considerados hostiles para EE. UU., incluyendo a Rusia y China;<\/p>\n<p class=\"c-paragraph\">\u2022 Permite o facilita actividades de grupos transnacionales como Hezbollah y Hamas;<\/p>\n<p class=\"c-paragraph\">\u2022 Se acusa al r\u00e9gimen cubano de apoyar pol\u00edticas que pueden desestabilizar el hemisferio occidental;<\/p>\n<p class=\"c-paragraph\">\u2022 Tambi\u00e9n se mencionan violaciones a los derechos humanos y represi\u00f3n interna. \ufffc<\/p>\n<p class=\"c-paragraph\">\u2e3b<\/p>\n<p class=\"c-paragraph\">2. Base legal<\/p>\n<p class=\"c-paragraph\">La orden invoca varias leyes estadounidenses que permiten al presidente actuar ante amenazas externas:<\/p>\n<p class=\"c-paragraph\">\u2022 International Emergency Economic Powers Act (IEEPA), que autoriza regulaciones econ\u00f3micas tras declarar una emergencia por amenazas extranjeras;<\/p>\n<p class=\"c-paragraph\">\u2022 National Emergencies Act, que rige las emergencias nacionales declaradas por el presidente. \ufffc<\/p>\n<p class=\"c-paragraph\">\u2e3b<\/p>\n<p class=\"c-paragraph\">3. Sistema de aranceles vinculado al petr\u00f3leo<\/p>\n<p class=\"c-paragraph\">Para enfrentar la emergencia declarada, la orden establece un sistema de aranceles que permite imponer derechos de aduana adicionales a productos importados a Estados Unidos provenientes de pa\u00edses que vendan o suministren petr\u00f3leo, directa o indirectamente, a Cuba.<\/p>\n<p class=\"c-paragraph\">C\u00f3mo funcionar\u00eda:<\/p>\n<p class=\"c-paragraph\">\u2022 El Departamento de Comercio identificar\u00e1 pa\u00edses que suministren petr\u00f3leo a Cuba;<\/p>\n<p class=\"c-paragraph\">\u2022 El Departamento de Estado, junto con otras agencias, recomendar\u00e1 si se deben imponer aranceles sobre los productos de esos pa\u00edses;<\/p>\n<p class=\"c-paragraph\">\u2022 El presidente tomar\u00e1 la decisi\u00f3n final sobre aplicar o ajustar esos aranceles. \ufffc<\/p>\n<p class=\"c-paragraph\">Esta medida busca presionar a terceros pa\u00edses que mantienen relaciones energ\u00e9ticas con Cuba y, as\u00ed, afectar indirectamente la capacidad del r\u00e9gimen cubano de acceder a combustibles. \ufffc<\/p>\n<p class=\"c-paragraph\">\u2e3b<\/p>\n<p class=\"c-paragraph\">4. Objetivos declarados por la Casa Blanca<\/p>\n<p class=\"c-paragraph\">Seg\u00fan la Casa Blanca, la orden tiene como fines:<\/p>\n<p class=\"c-paragraph\">\u2022 Defender la seguridad nacional y la pol\u00edtica exterior de EE. UU. frente a lo que considera acciones da\u00f1inas del gobierno cubano;<\/p>\n<p class=\"c-paragraph\">\u2022 Responsabilizar al r\u00e9gimen cubano por sus pol\u00edticas e influencias internacionales;<\/p>\n<p class=\"c-paragraph\">\u2022 Reforzar la presi\u00f3n diplom\u00e1tica y econ\u00f3mica sobre Cuba, al tiempo que se expresa apoyo a las aspiraciones de libertad y democracia del pueblo cubano.<\/p>\n<h2 class=\"p12-article-body__h2\">D\u00edaz-Canel: \u201cFascista, criminal y genocida\u201d<\/h2>\n<p class=\"c-paragraph\"><b>El presidente de Cuba, Miguel D\u00edaz-Canel<\/b>, afirm\u00f3 este viernes que la nueva medida de EE.UU. \u201cevidencia la naturaleza fascista, criminal y genocida de una camarilla\u201d.\u201c<\/p>\n<p class=\"c-paragraph\">\u201cEsta nueva medida evidencia la naturaleza fascista, criminal y genocida de\u00a0<b>una camarilla que ha secuestrado los intereses del pueblo estadounidense\u00a0<\/b>con fines puramente personales\u201d, sostuvo el mandatario cubano.<\/p>\n<p class=\"c-paragraph\">D\u00edaz-Canel asegur\u00f3 que \u201cbajo un pretexto mendaz y vac\u00edo de argumentos, vendido por quienes hacen pol\u00edtica y se enriquecen a costa del sufrimiento de nuestro pueblo,\u00a0<b>el presidente Trump pretende asfixiar la econom\u00eda cubana imponiendo aranceles a pa\u00edses que soberanamente comercien petr\u00f3leo con Cuba\u201d.<\/b><\/p>\n<p class=\"c-paragraph\">\u201c\u00bfAcaso no dec\u00edan el secretario de Estado y sus arlequines que el bloqueo no exist\u00eda?\u00a0<b>\u00bfD\u00f3nde est\u00e1n los que aburren con sus falsas historias de que es un simple \u2018embargo en el comercio bilateral\u2019<\/b>?\u201c, cuestion\u00f3 el presidente cubano en redes sociales.<\/p>\n<p class=\"c-paragraph\">En tanto,\u00a0<b>el ministro cubano de Relaciones Exteriores, Bruno Rodr\u00edguez, conden\u00f3 \u201cen los t\u00e9rminos m\u00e1s firmes\u201d\u00a0<\/b>lo que consider\u00f3 como \u201cla nueva escalada de EE.UU. contra Cuba\u201d.<\/p>\n<p class=\"c-paragraph\"><b>\u201cAhora se propone imponer un bloqueo total a los suministros de combustible a nuestro pa\u00eds\u201d<\/b>, escribi\u00f3 en redes sociales el canciller cubano.<\/p>\n<p class=\"c-paragraph\">Rodr\u00edguez a\u00f1adi\u00f3 que\u00a0<b>\u201cEE.UU recurre tambi\u00e9n al chantaje y la coerci\u00f3n<\/b>\u00a0para tratar de que otros pa\u00edses se sumen a su universalmente condenada pol\u00edtica de bloqueo contra Cuba, a los que, de negarse, amenaza con la imposici\u00f3n de arbitrarios y abusivos aranceles, en violaci\u00f3n de todas las normas del libre comercio\u201d.<\/p>\n<p>&nbsp;<\/p>\n","protected":false},"excerpt":{"rendered":"<p>Despu\u00e9s de atacar Venezuela y secuestrar a Nicol\u00e1s Maduro,\u00a0Donald Trump tiene en la mira a la Revoluci\u00f3n Cubana.\u00a0\u201cParece que no podr\u00e1 sobrevivir. Cuba no podr\u00e1 sobrevivir\u201d, dijo al comentar su decisi\u00f3n de imponer aranceles a quienes env\u00eden petr\u00f3leo a la isla. En su resoluci\u00f3n,\u00a0Trump dej\u00f3 listo el terreno para una eventual intervenci\u00f3n de fuerzas estadounidenses [&hellip;]<\/p>\n","protected":false},"author":2,"featured_media":33219,"comment_status":"open","ping_status":"open","sticky":false,"template":"","format":"standard","meta":{"footnotes":""},"categories":[70,64],"tags":[],"class_list":["post-33218","post","type-post","status-publish","format-standard","has-post-thumbnail","hentry","category-mundo","category-nacionales"],"_links":{"self":[{"href":"https:\/\/radiosurfm.com\/web\/wp-json\/wp\/v2\/posts\/33218","targetHints":{"allow":["GET"]}}],"collection":[{"href":"https:\/\/radiosurfm.com\/web\/wp-json\/wp\/v2\/posts"}],"about":[{"href":"https:\/\/radiosurfm.com\/web\/wp-json\/wp\/v2\/types\/post"}],"author":[{"embeddable":true,"href":"https:\/\/radiosurfm.com\/web\/wp-json\/wp\/v2\/users\/2"}],"replies":[{"embeddable":true,"href":"https:\/\/radiosurfm.com\/web\/wp-json\/wp\/v2\/comments?post=33218"}],"version-history":[{"count":1,"href":"https:\/\/radiosurfm.com\/web\/wp-json\/wp\/v2\/posts\/33218\/revisions"}],"predecessor-version":[{"id":33220,"href":"https:\/\/radiosurfm.com\/web\/wp-json\/wp\/v2\/posts\/33218\/revisions\/33220"}],"wp:featuredmedia":[{"embeddable":true,"href":"https:\/\/radiosurfm.com\/web\/wp-json\/wp\/v2\/media\/33219"}],"wp:attachment":[{"href":"https:\/\/radiosurfm.com\/web\/wp-json\/wp\/v2\/media?parent=33218"}],"wp:term":[{"taxonomy":"category","embeddable":true,"href":"https:\/\/radiosurfm.com\/web\/wp-json\/wp\/v2\/categories?post=33218"},{"taxonomy":"post_tag","embeddable":true,"href":"https:\/\/radiosurfm.com\/web\/wp-json\/wp\/v2\/tags?post=33218"}],"curies":[{"name":"wp","href":"https:\/\/api.w.org\/{rel}","templated":true}]}}