{"id":33224,"date":"2026-01-30T15:42:31","date_gmt":"2026-01-30T18:42:31","guid":{"rendered":"https:\/\/radiosurfm.com\/web\/?p=33224"},"modified":"2026-01-30T15:43:10","modified_gmt":"2026-01-30T18:43:10","slug":"cambian-el-dni-y-los-pasaportes-como-seran","status":"publish","type":"post","link":"https:\/\/radiosurfm.com\/web\/2026\/01\/30\/cambian-el-dni-y-los-pasaportes-como-seran\/","title":{"rendered":"Cambian el DNI y los pasaportes: \u00bfc\u00f3mo ser\u00e1n?"},"content":{"rendered":"<p class=\"c-paragraph\">La Direcci\u00f3n Nacional del Registro Nacional de las Personas (<b>RENAPER<\/b>) dispuso este viernes una serie de\u00a0<b>cambios y actualizaciones\u00a0<\/b>en el\u00a0<b>DNI y el pasaporte,\u00a0<\/b>que entrar\u00e1n en vigencia el domingo 1 de febrero.<\/p>\n<p class=\"c-paragraph\">A trav\u00e9s de la\u00a0<b>Disposici\u00f3n 55\/2026,<\/b>\u00a0el Gobierno estableci\u00f3\u00a0<b>cambios significativos\u00a0<\/b>en el\u00a0<b>Documento Nacional de Identidad para modernizarlo<\/b>\u00a0y tambi\u00e9n para\u00a0<b>aumentar su seguridad y alinearla con los est\u00e1ndares de seguridad\u00a0<\/b>de la Aviaci\u00f3n Civil Internacional (<b>OACI<\/b>) de las Naciones Unidas, que establece los par\u00e1metros internacionales para documentos de viaje en todo el mundo.<\/p>\n<h2 class=\"p12-article-body__h2\">C\u00f3mo ser\u00e1 el nuevo DNI y qu\u00e9 medidas de seguridad incorporar\u00e1<\/h2>\n<p class=\"c-paragraph\">Seg\u00fan se indic\u00f3, las modificaciones m\u00e1s importantes se centran en la\u00a0<b>tecnolog\u00eda\u00a0<\/b>y en los\u00a0<b>materiales\u00a0<\/b>usados para su elaboraci\u00f3n del documento de identidad. El\u00a0<b>DNI tarjeta\u00a0<\/b>pasar\u00e1 a realizarse con un nuevo material:\u00a0<b>policarbonato\u00a0<\/b>(con datos variables grabados por l\u00e1ser e impresi\u00f3n a chorro de tinta).<\/p>\n<p class=\"c-paragraph\">Adem\u00e1s,\u00a0<b>incorporar\u00e1 un chip inteligente\u00a0<\/b>de lectura\u00a0<b>sin contacto &#8211;<\/b>que fortalece la protecci\u00f3n de la identidad de los ciudadanos-. Tambi\u00e9n se aprobaron\u00a0<b>nuevas medidas de seguridad de Nivel 1\u00a0<\/b>(que son las que pueden ser identificadas a simple vista sin la necesidad de herramientas especiales). Estas son las principales:<\/p>\n<p class=\"c-paragraph\"><b>Seg\u00fan la edad de la persona, el DNI tendr\u00e1 diferencias<\/b>. El\u00a0<b>DNI para mayores de 14 a\u00f1os<\/b>\u00a0tendr\u00e1 este aspecto:<\/p>\n<figure class=\"c-media-item p12-article-body__image\"><img loading=\"lazy\" decoding=\"async\" class=\"c-image\" src=\"https:\/\/www.pagina12.com.ar\/resizer\/v2\/ECXW2R3CEJCLHIF4VXLWGLWYQU.jpg?auth=038da196c9564e6711bbe6eff495fbbe07bec51a4c52d64901b70e02285897ae&amp;smart=true&amp;width=800&amp;height=620\" srcset=\"https:\/\/www.pagina12.com.ar\/resizer\/v2\/ECXW2R3CEJCLHIF4VXLWGLWYQU.jpg?auth=038da196c9564e6711bbe6eff495fbbe07bec51a4c52d64901b70e02285897ae&amp;smart=true&amp;width=274&amp;height=212 274w, https:\/\/www.pagina12.com.ar\/resizer\/v2\/ECXW2R3CEJCLHIF4VXLWGLWYQU.jpg?auth=038da196c9564e6711bbe6eff495fbbe07bec51a4c52d64901b70e02285897ae&amp;smart=true&amp;width=400&amp;height=310 400w, https:\/\/www.pagina12.com.ar\/resizer\/v2\/ECXW2R3CEJCLHIF4VXLWGLWYQU.jpg?auth=038da196c9564e6711bbe6eff495fbbe07bec51a4c52d64901b70e02285897ae&amp;smart=true&amp;width=768&amp;height=595 768w, https:\/\/www.pagina12.com.ar\/resizer\/v2\/ECXW2R3CEJCLHIF4VXLWGLWYQU.jpg?auth=038da196c9564e6711bbe6eff495fbbe07bec51a4c52d64901b70e02285897ae&amp;smart=true&amp;width=1024&amp;height=793 1024w, https:\/\/www.pagina12.com.ar\/resizer\/v2\/ECXW2R3CEJCLHIF4VXLWGLWYQU.jpg?auth=038da196c9564e6711bbe6eff495fbbe07bec51a4c52d64901b70e02285897ae&amp;smart=true&amp;width=1440&amp;height=1116 1440w\" alt=\"\" width=\"800\" height=\"620\" data-chromatic=\"ignore\" \/><figcaption class=\"c-media-item__fig-caption\"><span class=\"c-media-item__title\">DNI\u00a0<\/span><span class=\"c-media-item__caption\">As\u00ed ser\u00e1 el nuevo documento para mayores de edad\u00a0<\/span><span class=\"c-media-item__credit\">(Renaper)<\/span><\/figcaption><\/figure>\n<figure class=\"c-media-item p12-article-body__image\"><img loading=\"lazy\" decoding=\"async\" class=\"c-image\" src=\"https:\/\/www.pagina12.com.ar\/resizer\/v2\/NJS5YKCXFBG4LJ3UH42HHVPJNU.jpg?auth=8d1ba6aff09e67e323eada6e89222d3325a6c6373272640b70f41c197db05d18&amp;smart=true&amp;width=800&amp;height=470\" srcset=\"https:\/\/www.pagina12.com.ar\/resizer\/v2\/NJS5YKCXFBG4LJ3UH42HHVPJNU.jpg?auth=8d1ba6aff09e67e323eada6e89222d3325a6c6373272640b70f41c197db05d18&amp;smart=true&amp;width=274&amp;height=160 274w, https:\/\/www.pagina12.com.ar\/resizer\/v2\/NJS5YKCXFBG4LJ3UH42HHVPJNU.jpg?auth=8d1ba6aff09e67e323eada6e89222d3325a6c6373272640b70f41c197db05d18&amp;smart=true&amp;width=400&amp;height=235 400w, https:\/\/www.pagina12.com.ar\/resizer\/v2\/NJS5YKCXFBG4LJ3UH42HHVPJNU.jpg?auth=8d1ba6aff09e67e323eada6e89222d3325a6c6373272640b70f41c197db05d18&amp;smart=true&amp;width=768&amp;height=451 768w, https:\/\/www.pagina12.com.ar\/resizer\/v2\/NJS5YKCXFBG4LJ3UH42HHVPJNU.jpg?auth=8d1ba6aff09e67e323eada6e89222d3325a6c6373272640b70f41c197db05d18&amp;smart=true&amp;width=1024&amp;height=601 1024w, https:\/\/www.pagina12.com.ar\/resizer\/v2\/NJS5YKCXFBG4LJ3UH42HHVPJNU.jpg?auth=8d1ba6aff09e67e323eada6e89222d3325a6c6373272640b70f41c197db05d18&amp;smart=true&amp;width=1440&amp;height=846 1440w\" alt=\"\" width=\"800\" height=\"470\" data-chromatic=\"ignore\" \/><figcaption class=\"c-media-item__fig-caption\"><span class=\"c-media-item__title\">Rev\u00e9s DNI\u00a0<\/span><span class=\"c-media-item__caption\">As\u00ed ser\u00e1 el rev\u00e9s del DNI para mayores\u00a0<\/span><span class=\"c-media-item__credit\">(Renaper)<\/span><\/figcaption><\/figure>\n<p class=\"c-paragraph\">Este ser\u00e1 el dise\u00f1o y los datos que tendr\u00e1n el\u00a0<b>DNI de los menores:<\/b><\/p>\n<figure class=\"c-media-item p12-article-body__image\"><img loading=\"lazy\" decoding=\"async\" class=\"c-image\" src=\"https:\/\/www.pagina12.com.ar\/resizer\/v2\/ZCXKLG4FLJF2ZOAO64AZHVOIGY.jpg?auth=d5ef93c8797cfe8eb5f5a12728d19d90e925e98cdbec8afb322a7d7f43657a64&amp;smart=true&amp;width=800&amp;height=386\" srcset=\"https:\/\/www.pagina12.com.ar\/resizer\/v2\/ZCXKLG4FLJF2ZOAO64AZHVOIGY.jpg?auth=d5ef93c8797cfe8eb5f5a12728d19d90e925e98cdbec8afb322a7d7f43657a64&amp;smart=true&amp;width=274&amp;height=132 274w, https:\/\/www.pagina12.com.ar\/resizer\/v2\/ZCXKLG4FLJF2ZOAO64AZHVOIGY.jpg?auth=d5ef93c8797cfe8eb5f5a12728d19d90e925e98cdbec8afb322a7d7f43657a64&amp;smart=true&amp;width=400&amp;height=193 400w, https:\/\/www.pagina12.com.ar\/resizer\/v2\/ZCXKLG4FLJF2ZOAO64AZHVOIGY.jpg?auth=d5ef93c8797cfe8eb5f5a12728d19d90e925e98cdbec8afb322a7d7f43657a64&amp;smart=true&amp;width=768&amp;height=370 768w, https:\/\/www.pagina12.com.ar\/resizer\/v2\/ZCXKLG4FLJF2ZOAO64AZHVOIGY.jpg?auth=d5ef93c8797cfe8eb5f5a12728d19d90e925e98cdbec8afb322a7d7f43657a64&amp;smart=true&amp;width=1024&amp;height=494 1024w, https:\/\/www.pagina12.com.ar\/resizer\/v2\/ZCXKLG4FLJF2ZOAO64AZHVOIGY.jpg?auth=d5ef93c8797cfe8eb5f5a12728d19d90e925e98cdbec8afb322a7d7f43657a64&amp;smart=true&amp;width=1440&amp;height=694 1440w\" alt=\"\" width=\"800\" height=\"386\" data-chromatic=\"ignore\" \/><figcaption class=\"c-media-item__fig-caption\"><span class=\"c-media-item__title\">DNI\u00a0<\/span><span class=\"c-media-item__caption\">As\u00ed ser\u00e1n los documentos para los menores\u00a0<\/span><span class=\"c-media-item__credit\">(Renaper)<\/span><\/figcaption><\/figure>\n<figure class=\"c-media-item p12-article-body__image\"><img loading=\"lazy\" decoding=\"async\" class=\"c-image\" src=\"https:\/\/www.pagina12.com.ar\/resizer\/v2\/E3PAPXWRERHRHNWPWRKE6O7YPU.jpg?auth=1d943e661fe49323d872b43d61b73f4982dea4afe9918d6712977531aed00e85&amp;smart=true&amp;width=800&amp;height=436\" srcset=\"https:\/\/www.pagina12.com.ar\/resizer\/v2\/E3PAPXWRERHRHNWPWRKE6O7YPU.jpg?auth=1d943e661fe49323d872b43d61b73f4982dea4afe9918d6712977531aed00e85&amp;smart=true&amp;width=274&amp;height=149 274w, https:\/\/www.pagina12.com.ar\/resizer\/v2\/E3PAPXWRERHRHNWPWRKE6O7YPU.jpg?auth=1d943e661fe49323d872b43d61b73f4982dea4afe9918d6712977531aed00e85&amp;smart=true&amp;width=400&amp;height=218 400w, https:\/\/www.pagina12.com.ar\/resizer\/v2\/E3PAPXWRERHRHNWPWRKE6O7YPU.jpg?auth=1d943e661fe49323d872b43d61b73f4982dea4afe9918d6712977531aed00e85&amp;smart=true&amp;width=768&amp;height=418 768w, https:\/\/www.pagina12.com.ar\/resizer\/v2\/E3PAPXWRERHRHNWPWRKE6O7YPU.jpg?auth=1d943e661fe49323d872b43d61b73f4982dea4afe9918d6712977531aed00e85&amp;smart=true&amp;width=1024&amp;height=558 1024w, https:\/\/www.pagina12.com.ar\/resizer\/v2\/E3PAPXWRERHRHNWPWRKE6O7YPU.jpg?auth=1d943e661fe49323d872b43d61b73f4982dea4afe9918d6712977531aed00e85&amp;smart=true&amp;width=1440&amp;height=784 1440w\" alt=\"\" width=\"800\" height=\"436\" data-chromatic=\"ignore\" \/><figcaption class=\"c-media-item__fig-caption\"><span class=\"c-media-item__title\">DNI\u00a0<\/span><span class=\"c-media-item__caption\">Reverso del DNI para menores\u00a0<\/span><span class=\"c-media-item__credit\">(Renaper)<\/span><\/figcaption><\/figure>\n<p class=\"c-paragraph\">Por \u00faltimo, as\u00ed ser\u00e1 el\u00a0<b>DNI para los menores de un a\u00f1o<\/b>\u00a0(0 a\u00f1o):<\/p>\n<figure class=\"c-media-item p12-article-body__image\"><img loading=\"lazy\" decoding=\"async\" class=\"c-image\" src=\"https:\/\/www.pagina12.com.ar\/resizer\/v2\/AHAQONDHPNDPDOREOLDVOR2JTA.jpg?auth=1bdcc8863b2b0ec3d047dec1e7c3f7c3f378944c38ac11d78afa7ae5ea19362a&amp;smart=true&amp;width=800&amp;height=372\" srcset=\"https:\/\/www.pagina12.com.ar\/resizer\/v2\/AHAQONDHPNDPDOREOLDVOR2JTA.jpg?auth=1bdcc8863b2b0ec3d047dec1e7c3f7c3f378944c38ac11d78afa7ae5ea19362a&amp;smart=true&amp;width=274&amp;height=127 274w, https:\/\/www.pagina12.com.ar\/resizer\/v2\/AHAQONDHPNDPDOREOLDVOR2JTA.jpg?auth=1bdcc8863b2b0ec3d047dec1e7c3f7c3f378944c38ac11d78afa7ae5ea19362a&amp;smart=true&amp;width=400&amp;height=186 400w, https:\/\/www.pagina12.com.ar\/resizer\/v2\/AHAQONDHPNDPDOREOLDVOR2JTA.jpg?auth=1bdcc8863b2b0ec3d047dec1e7c3f7c3f378944c38ac11d78afa7ae5ea19362a&amp;smart=true&amp;width=768&amp;height=357 768w, https:\/\/www.pagina12.com.ar\/resizer\/v2\/AHAQONDHPNDPDOREOLDVOR2JTA.jpg?auth=1bdcc8863b2b0ec3d047dec1e7c3f7c3f378944c38ac11d78afa7ae5ea19362a&amp;smart=true&amp;width=1024&amp;height=476 1024w, https:\/\/www.pagina12.com.ar\/resizer\/v2\/AHAQONDHPNDPDOREOLDVOR2JTA.jpg?auth=1bdcc8863b2b0ec3d047dec1e7c3f7c3f378944c38ac11d78afa7ae5ea19362a&amp;smart=true&amp;width=1440&amp;height=669 1440w\" alt=\"\" width=\"800\" height=\"372\" data-chromatic=\"ignore\" \/><figcaption class=\"c-media-item__fig-caption\"><span class=\"c-media-item__title\">DNI\u00a0<\/span><span class=\"c-media-item__caption\">Rev\u00e9s del DNI de los menores de un a\u00f1o\u00a0<\/span><span class=\"c-media-item__credit\">(Renpa)<\/span><\/figcaption><\/figure>\n<h2 class=\"p12-article-body__h2\">Qu\u00e9 validez tendr\u00e1 el nuevo DNI<\/h2>\n<p class=\"c-paragraph\">Seg\u00fan se detall\u00f3 en la disposici\u00f3n, los nuevos DNI tendr\u00e1n\u00a0<b>diferentes fechas de actualizaci\u00f3n y validez,<\/b>\u00a0seg\u00fan la edad de las personas.<\/p>\n<ul>\n<li>Los DNI de personas argentinas<b>\u00a0mayores de 14 a\u00f1os tendr\u00e1n una validez 15 a\u00f1os,<\/b>\u00a0a partir de su emisi\u00f3n.<\/li>\n<li>Las\u00a0<b>personas menores<\/b>, deber\u00e1n\u00a0<b>renovarlo entre los 5 y los 8 a\u00f1os<\/b>\u00a0y\u00a0<b>al cumplir los 14 a\u00f1os<\/b>.<\/li>\n<li>El DNI para los menores de<b>\u00a0\u201ccero a\u00f1o\u201c provisorio\u00a0<\/b>tendr\u00e1 una\u00a0<b>validez de 6 meses<\/b>\u00a0a partir de la fecha de su emisi\u00f3n.<\/li>\n<\/ul>\n<h2 class=\"p12-article-body__h2\">Qu\u00e9 cambios tendr\u00e1n los pasaportes<\/h2>\n<p class=\"c-paragraph\">A trav\u00e9s de la\u00a0<b>Disposici\u00f3n 54\/2026<\/b>, publicada en el Bolet\u00edn Oficial, se dispuso una\u00a0<b>modernizaci\u00f3n del Pasaporte<\/b>\u00a0a fin de\u00a0<b>aumentar su seguridad y prevenir fraudes.<\/b>\u00a0Seg\u00fan se explic\u00f3, el nuevo dise\u00f1o se ajusta a los\u00a0<b>est\u00e1ndares tecnol\u00f3gicos internacionales\u00a0<\/b>establecidos por la OACI.<\/p>\n<p class=\"c-paragraph\">El nuevo ejemplar incorporar\u00e1 una\u00a0<b>hoja de policarbonato personalizada<\/b>, lo que eleva la\u00a0<b>resistencia f\u00edsica\u00a0<\/b>del documento. Adem\u00e1s utilizar\u00e1\u00a0<b>tecnolog\u00eda de<\/b>\u00a0<b>grabado l\u00e1ser<\/b>\u00a0para la inserci\u00f3n de los datos identificatorios. El documento contar\u00e1 con un\u00a0<b>total de<\/b>\u00a0<b>34 p\u00e1ginas<\/b>.<\/p>\n<figure class=\"c-media-item p12-article-body__image\"><img loading=\"lazy\" decoding=\"async\" class=\"c-image\" src=\"https:\/\/www.pagina12.com.ar\/resizer\/v2\/RUWBSZ2VRVA25EWBD2TEQKM6TY.jpg?auth=b1ae99d9997bbac38e65c8367d0ce0ce435442f443d9889f19443573fb9775e4&amp;smart=true&amp;width=800&amp;height=577\" srcset=\"https:\/\/www.pagina12.com.ar\/resizer\/v2\/RUWBSZ2VRVA25EWBD2TEQKM6TY.jpg?auth=b1ae99d9997bbac38e65c8367d0ce0ce435442f443d9889f19443573fb9775e4&amp;smart=true&amp;width=274&amp;height=197 274w, https:\/\/www.pagina12.com.ar\/resizer\/v2\/RUWBSZ2VRVA25EWBD2TEQKM6TY.jpg?auth=b1ae99d9997bbac38e65c8367d0ce0ce435442f443d9889f19443573fb9775e4&amp;smart=true&amp;width=400&amp;height=288 400w, https:\/\/www.pagina12.com.ar\/resizer\/v2\/RUWBSZ2VRVA25EWBD2TEQKM6TY.jpg?auth=b1ae99d9997bbac38e65c8367d0ce0ce435442f443d9889f19443573fb9775e4&amp;smart=true&amp;width=768&amp;height=553 768w, https:\/\/www.pagina12.com.ar\/resizer\/v2\/RUWBSZ2VRVA25EWBD2TEQKM6TY.jpg?auth=b1ae99d9997bbac38e65c8367d0ce0ce435442f443d9889f19443573fb9775e4&amp;smart=true&amp;width=1024&amp;height=738 1024w, https:\/\/www.pagina12.com.ar\/resizer\/v2\/RUWBSZ2VRVA25EWBD2TEQKM6TY.jpg?auth=b1ae99d9997bbac38e65c8367d0ce0ce435442f443d9889f19443573fb9775e4&amp;smart=true&amp;width=1440&amp;height=1038 1440w\" alt=\"\" width=\"800\" height=\"577\" data-chromatic=\"ignore\" \/><figcaption class=\"c-media-item__fig-caption\"><span class=\"c-media-item__title\">Papaporte\u00a0<\/span><span class=\"c-media-item__caption\">Tapa y contratapa del nuevo pasaporte\u00a0<\/span><span class=\"c-media-item__credit\">(Renaper)<\/span><\/figcaption><\/figure>\n<figure class=\"c-media-item p12-article-body__image\"><img loading=\"lazy\" decoding=\"async\" class=\"c-image\" src=\"https:\/\/www.pagina12.com.ar\/resizer\/v2\/46I6TLJSMBFTRLN2OJAX56ISVA.jpg?auth=e93577f5c33aea4d6e4683ee809738ef58991092116abbee22b18c72c2e500bb&amp;smart=true&amp;width=800&amp;height=416\" srcset=\"https:\/\/www.pagina12.com.ar\/resizer\/v2\/46I6TLJSMBFTRLN2OJAX56ISVA.jpg?auth=e93577f5c33aea4d6e4683ee809738ef58991092116abbee22b18c72c2e500bb&amp;smart=true&amp;width=274&amp;height=142 274w, https:\/\/www.pagina12.com.ar\/resizer\/v2\/46I6TLJSMBFTRLN2OJAX56ISVA.jpg?auth=e93577f5c33aea4d6e4683ee809738ef58991092116abbee22b18c72c2e500bb&amp;smart=true&amp;width=400&amp;height=208 400w, https:\/\/www.pagina12.com.ar\/resizer\/v2\/46I6TLJSMBFTRLN2OJAX56ISVA.jpg?auth=e93577f5c33aea4d6e4683ee809738ef58991092116abbee22b18c72c2e500bb&amp;smart=true&amp;width=768&amp;height=399 768w, https:\/\/www.pagina12.com.ar\/resizer\/v2\/46I6TLJSMBFTRLN2OJAX56ISVA.jpg?auth=e93577f5c33aea4d6e4683ee809738ef58991092116abbee22b18c72c2e500bb&amp;smart=true&amp;width=1024&amp;height=532 1024w, https:\/\/www.pagina12.com.ar\/resizer\/v2\/46I6TLJSMBFTRLN2OJAX56ISVA.jpg?auth=e93577f5c33aea4d6e4683ee809738ef58991092116abbee22b18c72c2e500bb&amp;smart=true&amp;width=1440&amp;height=748 1440w\" alt=\"\" width=\"800\" height=\"416\" data-chromatic=\"ignore\" \/><figcaption class=\"c-media-item__fig-caption\"><span class=\"c-media-item__title\">Pasaporte\u00a0<\/span><span class=\"c-media-item__caption\">Nuevo dise\u00f1o y seguridad del pasaporte\u00a0<\/span><span class=\"c-media-item__credit\">(Renaper)<\/span><\/figcaption><\/figure>\n<p class=\"c-paragraph\">A pesar de estos cambios<b>, los Pasaportes emitidos anteriormente conservar\u00e1n su validez legal hasta que expire su fecha de vencimiento original<\/b>. Asimismo, se indic\u00f3 que la transici\u00f3n hacia este nuevo formato ser\u00e1 gradual para aprovechar los\u00a0<b>materiales e insumos\u00a0<\/b>existentes en el organismo.<\/p>\n<p class=\"c-paragraph\">\n","protected":false},"excerpt":{"rendered":"<p>La Direcci\u00f3n Nacional del Registro Nacional de las Personas (RENAPER) dispuso este viernes una serie de\u00a0cambios y actualizaciones\u00a0en el\u00a0DNI y el pasaporte,\u00a0que entrar\u00e1n en vigencia el domingo 1 de febrero. A trav\u00e9s de la\u00a0Disposici\u00f3n 55\/2026,\u00a0el Gobierno estableci\u00f3\u00a0cambios significativos\u00a0en el\u00a0Documento Nacional de Identidad para modernizarlo\u00a0y tambi\u00e9n para\u00a0aumentar su seguridad y alinearla con los est\u00e1ndares de seguridad\u00a0de [&hellip;]<\/p>\n","protected":false},"author":2,"featured_media":33226,"comment_status":"open","ping_status":"open","sticky":false,"template":"","format":"standard","meta":{"footnotes":""},"categories":[64],"tags":[],"class_list":["post-33224","post","type-post","status-publish","format-standard","has-post-thumbnail","hentry","category-nacionales"],"_links":{"self":[{"href":"https:\/\/radiosurfm.com\/web\/wp-json\/wp\/v2\/posts\/33224","targetHints":{"allow":["GET"]}}],"collection":[{"href":"https:\/\/radiosurfm.com\/web\/wp-json\/wp\/v2\/posts"}],"about":[{"href":"https:\/\/radiosurfm.com\/web\/wp-json\/wp\/v2\/types\/post"}],"author":[{"embeddable":true,"href":"https:\/\/radiosurfm.com\/web\/wp-json\/wp\/v2\/users\/2"}],"replies":[{"embeddable":true,"href":"https:\/\/radiosurfm.com\/web\/wp-json\/wp\/v2\/comments?post=33224"}],"version-history":[{"count":1,"href":"https:\/\/radiosurfm.com\/web\/wp-json\/wp\/v2\/posts\/33224\/revisions"}],"predecessor-version":[{"id":33225,"href":"https:\/\/radiosurfm.com\/web\/wp-json\/wp\/v2\/posts\/33224\/revisions\/33225"}],"wp:featuredmedia":[{"embeddable":true,"href":"https:\/\/radiosurfm.com\/web\/wp-json\/wp\/v2\/media\/33226"}],"wp:attachment":[{"href":"https:\/\/radiosurfm.com\/web\/wp-json\/wp\/v2\/media?parent=33224"}],"wp:term":[{"taxonomy":"category","embeddable":true,"href":"https:\/\/radiosurfm.com\/web\/wp-json\/wp\/v2\/categories?post=33224"},{"taxonomy":"post_tag","embeddable":true,"href":"https:\/\/radiosurfm.com\/web\/wp-json\/wp\/v2\/tags?post=33224"}],"curies":[{"name":"wp","href":"https:\/\/api.w.org\/{rel}","templated":true}]}}