{"id":33580,"date":"2026-03-11T13:08:43","date_gmt":"2026-03-11T16:08:43","guid":{"rendered":"https:\/\/radiosurfm.com\/web\/?p=33580"},"modified":"2026-03-11T13:08:43","modified_gmt":"2026-03-11T16:08:43","slug":"apertura-de-acreditaciones-de-prensa-para-cubrir-la-49-fns","status":"publish","type":"post","link":"https:\/\/radiosurfm.com\/web\/2026\/03\/11\/apertura-de-acreditaciones-de-prensa-para-cubrir-la-49-fns\/","title":{"rendered":"APERTURA DE ACREDITACIONES DE PRENSA PARA CUBRIR LA 49 FNS"},"content":{"rendered":"<p style=\"font-weight: 400;\">El \u00c1rea de Prensa de la Comisi\u00f3n Municipal de Pesca comunica que se encuentra abierto el periodo de acreditaci\u00f3n para los medios de comunicaci\u00f3n interesados en realizar la cobertura de la 49\u00b0 Fiesta Nacional del Surub\u00ed, y 38\u00b0 Expo Goya.<\/p>\n<p style=\"font-weight: 400;\">El evento, conocido por los pescadores como el \u201cMundial de Pesca\u201d, se realizar\u00e1 del 27 de abril al 3 de mayo de 2026 en el Predio Ferial Costa Surub\u00ed de la ciudad de Goya.<\/p>\n<p style=\"font-weight: 400;\">Los medios interesados podr\u00e1n enviar su solicitud hasta el mi\u00e9rcoles 15 de abril, sin excepci\u00f3n.<\/p>\n<p style=\"font-weight: 400;\">\n<p style=\"font-weight: 400;\">C\u00d3MO SOLICITAR LA ACREDITACI\u00d3N<\/p>\n<p style=\"font-weight: 400;\">Enviar un mail a:\u00a0<a href=\"mailto:prensasurubigoya@hotmail.com\">prensasurubigoya@hotmail.com<\/a><\/p>\n<p style=\"font-weight: 400;\">\n<p style=\"font-weight: 400;\">ASUNTO:<\/p>\n<p style=\"font-weight: 400;\">Acreditaciones \u2013 Mundial de Pesca 2026<\/p>\n<p style=\"font-weight: 400;\">Adjuntar una nota membretada del medio y firmada por su director, en la que se detalle:<\/p>\n<ul>\n<li style=\"font-weight: 400;\">Tipo de cobertura (notas, m\u00f3viles, transmisi\u00f3n en vivo, etc.)<\/li>\n<li style=\"font-weight: 400;\">Datos de las personas a acreditar:<\/li>\n<li style=\"font-weight: 400;\">Nombre y apellido<\/li>\n<li style=\"font-weight: 400;\">DNI<\/li>\n<li style=\"font-weight: 400;\">N\u00famero de celular<\/li>\n<li style=\"font-weight: 400;\">Funci\u00f3n dentro del medio<\/li>\n<\/ul>\n<p style=\"font-weight: 400;\">\n<p style=\"font-weight: 400;\">CANTIDAD DE ACREDITACIONES POR MEDIO<\/p>\n<ul>\n<li style=\"font-weight: 400;\">2 periodistas para prensa gr\u00e1fica<\/li>\n<li style=\"font-weight: 400;\">2 periodistas para portales web o redes<\/li>\n<li style=\"font-weight: 400;\">3 periodistas por radio<\/li>\n<li style=\"font-weight: 400;\">5 periodistas por televisi\u00f3n<\/li>\n<\/ul>\n<p style=\"font-weight: 400;\">\n<p style=\"font-weight: 400;\">TRANSMISIONES EN VIVO<\/p>\n<p style=\"font-weight: 400;\">Los medios que deseen realizar transmisiones en vivo deber\u00e1n incluir en la nota las necesidades t\u00e9cnicas y de espacio f\u00edsico requeridas.<\/p>\n<p style=\"font-weight: 400;\">INFORMACI\u00d3N IMPORTANTE<\/p>\n<p style=\"font-weight: 400;\">Las credenciales ser\u00e1n otorgadas exclusivamente al personal designado por cada medio para tareas period\u00edsticas y no son transferibles.<\/p>\n<p style=\"font-weight: 400;\">Una vez confirmada la acreditaci\u00f3n, las credenciales deber\u00e1n retirarse en la Carpa de Prensa del Predio Costa Surub\u00ed, donde se firmar\u00e1 el correspondiente deslinde de responsabilidad.<\/p>\n<p style=\"font-weight: 400;\">CARPA DE PRENSA<\/p>\n<p style=\"font-weight: 400;\">Ser\u00e1 el espacio destinado al trabajo de los periodistas, conferencias de prensa y centro de informaci\u00f3n durante el evento.<\/p>\n<p style=\"font-weight: 400;\">\n<p style=\"font-weight: 400;\">ENLACE DE FORMULARIO ONLINE<\/p>\n<p style=\"font-weight: 400;\">\n<p style=\"font-weight: 400;\"><a href=\"https:\/\/forms.gle\/4CwqGQ5iPRAbpmBd9\" data-saferedirecturl=\"https:\/\/www.google.com\/url?q=https:\/\/forms.gle\/4CwqGQ5iPRAbpmBd9&amp;source=gmail&amp;ust=1773330418310000&amp;usg=AOvVaw240ZX1RHrCjoqYU6BbVQSd\">https:\/\/forms.gle\/4CwqGQ5iPRAbpmBd9<\/a><\/p>\n<p style=\"font-weight: 400;\">\n<p style=\"font-weight: 400;\">Agradecemos el permanente acompa\u00f1amiento de los medios de comunicaci\u00f3n y los esperamos para vivir juntos una nueva edici\u00f3n del Mundial de Pesca.<\/p>\n<p style=\"font-weight: 400;\">\n<p style=\"font-weight: 400;\">\u00c1rea de Prensa<\/p>\n<p style=\"font-weight: 400;\">Comisi\u00f3n Municipal de Pesca \u2013\u00a0<a href=\"http:\/\/co.mu.pe\/\" data-saferedirecturl=\"https:\/\/www.google.com\/url?q=http:\/\/Co.Mu.Pe&amp;source=gmail&amp;ust=1773330418310000&amp;usg=AOvVaw07N09qqs6YUbqjwvmJWTik\">Co.Mu.Pe<\/a>.<\/p>\n<p style=\"font-weight: 400;\">Fiesta Nacional del Surub\u00ed<\/p>\n<p style=\"font-weight: 400;\">\n<p style=\"font-weight: 400;\">\n<p style=\"font-weight: 400;\">Direcci\u00f3n de Prensa \u2013 Municipalidad de Goya.<\/p>\n","protected":false},"excerpt":{"rendered":"<p>El \u00c1rea de Prensa de la Comisi\u00f3n Municipal de Pesca comunica que se encuentra abierto el periodo de acreditaci\u00f3n para los medios de comunicaci\u00f3n interesados en realizar la cobertura de la 49\u00b0 Fiesta Nacional del Surub\u00ed, y 38\u00b0 Expo Goya. El evento, conocido por los pescadores como el \u201cMundial de Pesca\u201d, se realizar\u00e1 del 27 [&hellip;]<\/p>\n","protected":false},"author":2,"featured_media":33581,"comment_status":"open","ping_status":"open","sticky":false,"template":"","format":"standard","meta":{"footnotes":""},"categories":[56],"tags":[],"class_list":["post-33580","post","type-post","status-publish","format-standard","has-post-thumbnail","hentry","category-locales"],"_links":{"self":[{"href":"https:\/\/radiosurfm.com\/web\/wp-json\/wp\/v2\/posts\/33580","targetHints":{"allow":["GET"]}}],"collection":[{"href":"https:\/\/radiosurfm.com\/web\/wp-json\/wp\/v2\/posts"}],"about":[{"href":"https:\/\/radiosurfm.com\/web\/wp-json\/wp\/v2\/types\/post"}],"author":[{"embeddable":true,"href":"https:\/\/radiosurfm.com\/web\/wp-json\/wp\/v2\/users\/2"}],"replies":[{"embeddable":true,"href":"https:\/\/radiosurfm.com\/web\/wp-json\/wp\/v2\/comments?post=33580"}],"version-history":[{"count":1,"href":"https:\/\/radiosurfm.com\/web\/wp-json\/wp\/v2\/posts\/33580\/revisions"}],"predecessor-version":[{"id":33582,"href":"https:\/\/radiosurfm.com\/web\/wp-json\/wp\/v2\/posts\/33580\/revisions\/33582"}],"wp:featuredmedia":[{"embeddable":true,"href":"https:\/\/radiosurfm.com\/web\/wp-json\/wp\/v2\/media\/33581"}],"wp:attachment":[{"href":"https:\/\/radiosurfm.com\/web\/wp-json\/wp\/v2\/media?parent=33580"}],"wp:term":[{"taxonomy":"category","embeddable":true,"href":"https:\/\/radiosurfm.com\/web\/wp-json\/wp\/v2\/categories?post=33580"},{"taxonomy":"post_tag","embeddable":true,"href":"https:\/\/radiosurfm.com\/web\/wp-json\/wp\/v2\/tags?post=33580"}],"curies":[{"name":"wp","href":"https:\/\/api.w.org\/{rel}","templated":true}]}}