{"id":33583,"date":"2026-03-11T13:11:08","date_gmt":"2026-03-11T16:11:08","guid":{"rendered":"https:\/\/radiosurfm.com\/web\/?p=33583"},"modified":"2026-03-11T13:11:08","modified_gmt":"2026-03-11T16:11:08","slug":"pidieron-un-quinto-juez-para-el-juicio-por-loan","status":"publish","type":"post","link":"https:\/\/radiosurfm.com\/web\/2026\/03\/11\/pidieron-un-quinto-juez-para-el-juicio-por-loan\/","title":{"rendered":"Pidieron un quinto juez para el juicio por Loan"},"content":{"rendered":"<p>El Tribunal Oral Federal que llevar\u00e1 adelante el juicio por la desaparici\u00f3n de<strong>\u00a0Loan Pe\u00f1a\u00a0<\/strong>contar\u00e1 con un quinto juez. Se pidi\u00f3 su designaci\u00f3n\u00a0tras conocerse que uno de los magistrados,<strong>\u00a0Ferm\u00edn Amado Ceroleni<\/strong>, inici\u00f3 el tr\u00e1mite jubilatorio. As\u00ed lo adelant\u00f3 el fiscal de distrito Corrientes<strong>, Carlos Schaefer.<\/strong><\/p>\n<h2 class=\"h2\">Quinto juez<\/h2>\n<p>\u201cAnte la situaci\u00f3n, ya se pidi\u00f3 un\u00a0<strong>quinto juez\u00a0<\/strong>para que pueda reemplazar si es necesario\u201d, explic\u00f3<strong>\u00a0Schaefer<\/strong><strong><em>.<\/em><\/strong>\u00a0Actualmente, el tribunal est\u00e1 conformado por tres magistrados m\u00e1s un\u00a0reemplazante.\u00a0Salvo Ceroleni, los dem\u00e1s\u00a0provienen de otras provincias, lo que dificulta coordinar el cronograma de audiencias.<\/p>\n<h2 class=\"h2\">Causa de caracter permanente<\/h2>\n<p>Schaefer remarc\u00f3 que la causa es de caracter permanente, dado que el ni\u00f1o contin\u00faa desaparecido. Por eso, la fijaci\u00f3n de la fecha del juicio oral es prioritaria: \u201cEl tribunal tom\u00f3 consciencia de la gravedad del caso y est\u00e1 evaluando\u00a0<strong>adelantar la fecha\u201d<\/strong>.<\/p>\n<p>El fiscal tambi\u00e9n detall\u00f3 que se perfilan<strong>\u00a0161 testigos<\/strong>, lo que demandar\u00e1 m\u00faltiples jornadas de audiencias. A su vez, destac\u00f3 que la exposici\u00f3n medi\u00e1tica contribuye a que la causa avance y que durante el juicio podr\u00edan surgir nuevas l\u00edneas de investigaci\u00f3n.<\/p>\n<p>Respecto a la\u00a0<strong>familia de Loan<\/strong>, Schaefer se\u00f1al\u00f3 que se les brinda acompa\u00f1amiento institucional ante denuncias de hostigamiento: \u201cNo est\u00e1n imputados, son querellantes y tambi\u00e9n v\u00edctimas de este hecho\u201d, concluy\u00f3.<\/p>\n<p>&nbsp;<\/p>\n<div class=\"link-nota-propia\">\n<div class=\"link-nota-propia__cuerpo\">\n<div class=\"nota-propia--desktop\">\n<article class=\"nota--linea\">\n<div class=\"nota__media\"><\/div>\n<\/article>\n<\/div>\n<\/div>\n<\/div>\n","protected":false},"excerpt":{"rendered":"<p>El Tribunal Oral Federal que llevar\u00e1 adelante el juicio por la desaparici\u00f3n de\u00a0Loan Pe\u00f1a\u00a0contar\u00e1 con un quinto juez. Se pidi\u00f3 su designaci\u00f3n\u00a0tras conocerse que uno de los magistrados,\u00a0Ferm\u00edn Amado Ceroleni, inici\u00f3 el tr\u00e1mite jubilatorio. As\u00ed lo adelant\u00f3 el fiscal de distrito Corrientes, Carlos Schaefer. Quinto juez \u201cAnte la situaci\u00f3n, ya se pidi\u00f3 un\u00a0quinto juez\u00a0para que [&hellip;]<\/p>\n","protected":false},"author":2,"featured_media":30586,"comment_status":"open","ping_status":"open","sticky":false,"template":"","format":"standard","meta":{"footnotes":""},"categories":[56,68,72],"tags":[],"class_list":["post-33583","post","type-post","status-publish","format-standard","has-post-thumbnail","hentry","category-locales","category-policiales-nacionales","category-provinciales"],"_links":{"self":[{"href":"https:\/\/radiosurfm.com\/web\/wp-json\/wp\/v2\/posts\/33583","targetHints":{"allow":["GET"]}}],"collection":[{"href":"https:\/\/radiosurfm.com\/web\/wp-json\/wp\/v2\/posts"}],"about":[{"href":"https:\/\/radiosurfm.com\/web\/wp-json\/wp\/v2\/types\/post"}],"author":[{"embeddable":true,"href":"https:\/\/radiosurfm.com\/web\/wp-json\/wp\/v2\/users\/2"}],"replies":[{"embeddable":true,"href":"https:\/\/radiosurfm.com\/web\/wp-json\/wp\/v2\/comments?post=33583"}],"version-history":[{"count":1,"href":"https:\/\/radiosurfm.com\/web\/wp-json\/wp\/v2\/posts\/33583\/revisions"}],"predecessor-version":[{"id":33584,"href":"https:\/\/radiosurfm.com\/web\/wp-json\/wp\/v2\/posts\/33583\/revisions\/33584"}],"wp:featuredmedia":[{"embeddable":true,"href":"https:\/\/radiosurfm.com\/web\/wp-json\/wp\/v2\/media\/30586"}],"wp:attachment":[{"href":"https:\/\/radiosurfm.com\/web\/wp-json\/wp\/v2\/media?parent=33583"}],"wp:term":[{"taxonomy":"category","embeddable":true,"href":"https:\/\/radiosurfm.com\/web\/wp-json\/wp\/v2\/categories?post=33583"},{"taxonomy":"post_tag","embeddable":true,"href":"https:\/\/radiosurfm.com\/web\/wp-json\/wp\/v2\/tags?post=33583"}],"curies":[{"name":"wp","href":"https:\/\/api.w.org\/{rel}","templated":true}]}}