{"id":33585,"date":"2026-03-11T13:12:41","date_gmt":"2026-03-11T16:12:41","guid":{"rendered":"https:\/\/radiosurfm.com\/web\/?p=33585"},"modified":"2026-03-11T13:12:41","modified_gmt":"2026-03-11T16:12:41","slug":"plus-de-refuerzo-cronograma-de-pago-para-estatales-correntinos","status":"publish","type":"post","link":"https:\/\/radiosurfm.com\/web\/2026\/03\/11\/plus-de-refuerzo-cronograma-de-pago-para-estatales-correntinos\/","title":{"rendered":"Plus de Refuerzo: cronograma de pago para estatales correntinos"},"content":{"rendered":"<p>El Gobierno de\u00a0<strong>Corrientes\u00a0<\/strong>confirm\u00f3 el cronograma de pago del\u00a0<strong>Plus de Refuerzo de marzo<\/strong>\u00a0para trabajadores provinciales activos y jubilados. El beneficio se liquidar\u00e1 de manera escalonada seg\u00fan la terminaci\u00f3n del DNI.<\/p>\n<div class=\"container-spot\" data-tipo=\"tipo_todo\" data-pos=\"NEW_P1_cuerpo\">\n<div id=\"pppSlot8\" class=\" lazyloaded\" data-gpt=\"\/22675780113\/nota\/new_p1_cuerpo\" data-size=\"[[728, 90]]\" data-gpt-mobile=\"\/22675780113\/nota\/new_p1_cuerpo\" data-size-mobile=\"[[320, 100],[300, 250],[300, 100],[300, 50]]\" data-expand=\"300\" data-google-query-id=\"CJWs06SemJMDFcw2uQYdCusRSQ\">\n<p>El calendario comenzar\u00e1 el\u00a0<strong>jueves 12 de marzo<\/strong>\u00a0y se extender\u00e1 hasta el\u00a0<strong>mi\u00e9rcoles 18<\/strong>. En el caso de los DNI terminados en 4 y 5, el dinero estar\u00e1 disponible en cajeros autom\u00e1ticos desde el s\u00e1bado 14.<\/p>\n<p><strong>Cronograma de pago<\/strong><\/p>\n<ul>\n<li><strong>Jueves 12:<\/strong>\u00a0DNI terminados en 0 y 1<\/li>\n<li><strong>Viernes 13:<\/strong>\u00a0DNI terminados en 2 y 3<\/li>\n<li><strong>Lunes 16:<\/strong>\u00a0DNI terminados en 4 y 5\u00a0<em>(disponible en cajeros desde el s\u00e1bado 14)<\/em><\/li>\n<li><strong>Martes 17:<\/strong>\u00a0DNI terminados en 6 y 7<\/li>\n<li><strong>Mi\u00e9rcoles 18:<\/strong>\u00a0DNI terminados en 8 y 9<\/li>\n<\/ul>\n<\/div>\n<\/div>\n","protected":false},"excerpt":{"rendered":"<p>El Gobierno de\u00a0Corrientes\u00a0confirm\u00f3 el cronograma de pago del\u00a0Plus de Refuerzo de marzo\u00a0para trabajadores provinciales activos y jubilados. El beneficio se liquidar\u00e1 de manera escalonada seg\u00fan la terminaci\u00f3n del DNI. El calendario comenzar\u00e1 el\u00a0jueves 12 de marzo\u00a0y se extender\u00e1 hasta el\u00a0mi\u00e9rcoles 18. En el caso de los DNI terminados en 4 y 5, el dinero estar\u00e1 [&hellip;]<\/p>\n","protected":false},"author":2,"featured_media":29871,"comment_status":"open","ping_status":"open","sticky":false,"template":"","format":"standard","meta":{"footnotes":""},"categories":[65,72],"tags":[],"class_list":["post-33585","post","type-post","status-publish","format-standard","has-post-thumbnail","hentry","category-economia","category-provinciales"],"_links":{"self":[{"href":"https:\/\/radiosurfm.com\/web\/wp-json\/wp\/v2\/posts\/33585","targetHints":{"allow":["GET"]}}],"collection":[{"href":"https:\/\/radiosurfm.com\/web\/wp-json\/wp\/v2\/posts"}],"about":[{"href":"https:\/\/radiosurfm.com\/web\/wp-json\/wp\/v2\/types\/post"}],"author":[{"embeddable":true,"href":"https:\/\/radiosurfm.com\/web\/wp-json\/wp\/v2\/users\/2"}],"replies":[{"embeddable":true,"href":"https:\/\/radiosurfm.com\/web\/wp-json\/wp\/v2\/comments?post=33585"}],"version-history":[{"count":1,"href":"https:\/\/radiosurfm.com\/web\/wp-json\/wp\/v2\/posts\/33585\/revisions"}],"predecessor-version":[{"id":33586,"href":"https:\/\/radiosurfm.com\/web\/wp-json\/wp\/v2\/posts\/33585\/revisions\/33586"}],"wp:featuredmedia":[{"embeddable":true,"href":"https:\/\/radiosurfm.com\/web\/wp-json\/wp\/v2\/media\/29871"}],"wp:attachment":[{"href":"https:\/\/radiosurfm.com\/web\/wp-json\/wp\/v2\/media?parent=33585"}],"wp:term":[{"taxonomy":"category","embeddable":true,"href":"https:\/\/radiosurfm.com\/web\/wp-json\/wp\/v2\/categories?post=33585"},{"taxonomy":"post_tag","embeddable":true,"href":"https:\/\/radiosurfm.com\/web\/wp-json\/wp\/v2\/tags?post=33585"}],"curies":[{"name":"wp","href":"https:\/\/api.w.org\/{rel}","templated":true}]}}