{"id":33587,"date":"2026-03-11T13:16:17","date_gmt":"2026-03-11T16:16:17","guid":{"rendered":"https:\/\/radiosurfm.com\/web\/?p=33587"},"modified":"2026-03-11T13:16:17","modified_gmt":"2026-03-11T16:16:17","slug":"docentes-autoconvocados-en-reclamo-salarial-continuan-con-marchas-y-movilizaciones","status":"publish","type":"post","link":"https:\/\/radiosurfm.com\/web\/2026\/03\/11\/docentes-autoconvocados-en-reclamo-salarial-continuan-con-marchas-y-movilizaciones\/","title":{"rendered":"Docentes autoconvocados en reclamo salarial: contin\u00faan con marchas y movilizaciones"},"content":{"rendered":"<p>Desde el colectivo de docentes autoconvocados aseguran que los ingresos actuales no alcanzan a cubrir el costo de vida y reclaman una instancia de di\u00e1logo con las autoridades.\u00a0<strong>En di\u00e1logo con Hoja de Ruta, el docente autoconvocado Luis Palacios sostuvo en Hoja de Ruta que el sector no est\u00e1 conforme con los salarios y remarc\u00f3 que una maestra de grado sin antig\u00fcedad percibe actualmente alrededor de 800 mil pesos.<\/strong><\/p>\n<div class=\" lazyloaded\" data-gpt=\"\/22675780113\/nota\/new_p1_cuerpo\" data-size=\"[[728, 90]]\" data-gpt-mobile=\"\/22675780113\/nota\/new_p1_cuerpo\" data-size-mobile=\"[[320, 100],[300, 250],[300, 100],[300, 50]]\" data-expand=\"300\" data-google-query-id=\"CIi3v_uemJMDFdJouAQdZRAo1Q\">\n<p>Solicitaron una audiencia con el gobernador Juan Pablo Vald\u00e9s y con la ministra de Educaci\u00f3n Ana Mi\u00f1o.\u00a0Mientras tanto contin\u00faan organizando movilizaciones y reuniones en distintas localidades de la provincia para visibilizar el reclamo.<\/p>\n<p>&nbsp;<\/p>\n<\/div>\n","protected":false},"excerpt":{"rendered":"<p>Desde el colectivo de docentes autoconvocados aseguran que los ingresos actuales no alcanzan a cubrir el costo de vida y reclaman una instancia de di\u00e1logo con las autoridades.\u00a0En di\u00e1logo con Hoja de Ruta, el docente autoconvocado Luis Palacios sostuvo en Hoja de Ruta que el sector no est\u00e1 conforme con los salarios y remarc\u00f3 que [&hellip;]<\/p>\n","protected":false},"author":2,"featured_media":33588,"comment_status":"open","ping_status":"open","sticky":false,"template":"","format":"standard","meta":{"footnotes":""},"categories":[65,72],"tags":[],"class_list":["post-33587","post","type-post","status-publish","format-standard","has-post-thumbnail","hentry","category-economia","category-provinciales"],"_links":{"self":[{"href":"https:\/\/radiosurfm.com\/web\/wp-json\/wp\/v2\/posts\/33587","targetHints":{"allow":["GET"]}}],"collection":[{"href":"https:\/\/radiosurfm.com\/web\/wp-json\/wp\/v2\/posts"}],"about":[{"href":"https:\/\/radiosurfm.com\/web\/wp-json\/wp\/v2\/types\/post"}],"author":[{"embeddable":true,"href":"https:\/\/radiosurfm.com\/web\/wp-json\/wp\/v2\/users\/2"}],"replies":[{"embeddable":true,"href":"https:\/\/radiosurfm.com\/web\/wp-json\/wp\/v2\/comments?post=33587"}],"version-history":[{"count":1,"href":"https:\/\/radiosurfm.com\/web\/wp-json\/wp\/v2\/posts\/33587\/revisions"}],"predecessor-version":[{"id":33589,"href":"https:\/\/radiosurfm.com\/web\/wp-json\/wp\/v2\/posts\/33587\/revisions\/33589"}],"wp:featuredmedia":[{"embeddable":true,"href":"https:\/\/radiosurfm.com\/web\/wp-json\/wp\/v2\/media\/33588"}],"wp:attachment":[{"href":"https:\/\/radiosurfm.com\/web\/wp-json\/wp\/v2\/media?parent=33587"}],"wp:term":[{"taxonomy":"category","embeddable":true,"href":"https:\/\/radiosurfm.com\/web\/wp-json\/wp\/v2\/categories?post=33587"},{"taxonomy":"post_tag","embeddable":true,"href":"https:\/\/radiosurfm.com\/web\/wp-json\/wp\/v2\/tags?post=33587"}],"curies":[{"name":"wp","href":"https:\/\/api.w.org\/{rel}","templated":true}]}}