{"id":33593,"date":"2026-03-11T13:32:50","date_gmt":"2026-03-11T16:32:50","guid":{"rendered":"https:\/\/radiosurfm.com\/web\/?p=33593"},"modified":"2026-03-11T13:32:50","modified_gmt":"2026-03-11T16:32:50","slug":"la-verdad-sale-a-la-luz-identifican-los-restos-de-doce-victimas-de-la-perla","status":"publish","type":"post","link":"https:\/\/radiosurfm.com\/web\/2026\/03\/11\/la-verdad-sale-a-la-luz-identifican-los-restos-de-doce-victimas-de-la-perla\/","title":{"rendered":"La verdad sale a la luz: identifican los restos de doce v\u00edctimas de La Perla"},"content":{"rendered":"<p class=\"c-paragraph\">No hay mejor ant\u00eddoto contra la negaci\u00f3n que la evidencia. No hay b\u00e1lsamo m\u00e1s eficaz que la verdad. Tras d\u00e9cadas de b\u00fasqueda, la\u00a0<b>justicia federal de C\u00f3rdoba<\/b>\u00a0inform\u00f3 que\u00a0<b>identific\u00f3 los restos de doce detenidos-desaparecidos<\/b>\u00a0en el predio donde funcion\u00f3 el\u00a0<b>campo de concentraci\u00f3n de La Perla<\/b>. Las doce familias que recibir\u00e1n la noticia estar\u00e1n frente a una certeza \u2014desgarradora\u2014: la del exterminio perpetrado por la \u00faltima dictadura. Para las otras familias, ser\u00e1 la esperanza de que la b\u00fasqueda quiz\u00e1 las acerque a seres queridos para despedirlos y para que no exista \u2014como dice la sobreviviente Graciela Geuna\u2014 una democracia con cuerpos insepultos.<\/p>\n<p class=\"c-paragraph\">El juzgado federal Miguel Hugo Vaca Narvaja trabaja por estas horas en la notificaci\u00f3n de los resultados a las familias de quienes fueron identificados por el trabajo conjunto del Equipo Argentino de Antropolog\u00eda Forense (EAAF) y el Instituto de Medicina Forense del Poder Judicial de la provincia de C\u00f3rdoba.<\/p>\n<div id=\"ad-slot-video_inread\" class=\"ad-slot-video_inread ad-slot\" data-adtype=\"video_inread\" data-google-query-id=\"COWji8-imJMDFfgIHgAdcKsmhA\">\n<div id=\"google_ads_iframe_\/349353471\/p12\/nota_video_inread_0__container__\"><iframe id=\"google_ads_iframe_\/349353471\/p12\/nota_video_inread_0\" tabindex=\"0\" title=\"Contenido de anuncios de terceros\" name=\"google_ads_iframe_\/349353471\/p12\/nota_video_inread_0\" width=\"1\" height=\"1\" frameborder=\"0\" marginwidth=\"0\" marginheight=\"0\" scrolling=\"no\" aria-label=\"Anuncio\" data-load-complete=\"true\" data-google-container-id=\"3\" data-mce-fragment=\"1\"><\/iframe><\/div>\n<\/div>\n<p class=\"c-paragraph\">Reci\u00e9n cuando las familias sean informadas y se les consulte si est\u00e1n dispuestas a que la informaci\u00f3n se haga p\u00fablica, se espera que el juzgado convoque a una conferencia de prensa para dar a conocer los nombres de los doce detenidos-desaparecidos que fueron identificados. Fuentes judiciales estiman que el anuncio podr\u00eda realizarse entre el viernes de esta semana y el lunes de la pr\u00f3xima.<\/p>\n<p class=\"c-paragraph\">\u201cEs una noticia que confirma la importancia de la b\u00fasqueda encarada por parte de los familiares y los organismos de derechos humanos. Para las familias que lograron el hallazgo, es la confirmaci\u00f3n de la existencia del plan sistem\u00e1tico. Para otras, es un punto de partida para seguir buscando.\u00a0<b>La desaparici\u00f3n de personas es un delito que se contin\u00faa cometiendo y, a 50 a\u00f1os del golpe, es una responsabilidad inexorable del Estado seguir buscando<\/b>\u201d, afirma el abogado querellante<b>\u00a0Ramiro Fresneda<\/b>\u00a0en di\u00e1logo con\u00a0<b>P\u00e1gina\/12<\/b>.<\/p>\n<p class=\"c-paragraph\">El\u00a0<b>fiscal Facundo Trotta<\/b>\u00a0comparte la impresi\u00f3n. \u201cSiento una enorme satisfacci\u00f3n de que pudimos identificar a doce personas v\u00edctimas del terrorismo de Estado que se encontraban desaparecidas y que finalmente los familiares podr\u00e1n recuperar los restos de sus seres queridos.\u00a0<b>Es una noticia que nos alienta a seguir buscando<\/b>\u201d, le dice a este diario.<\/p>\n<h2 class=\"p12-article-body__h2\">La maquinaria del horror<\/h2>\n<p class=\"c-paragraph\">La Perla funcion\u00f3 como<b>\u00a0centro clandestino de detenci\u00f3n, tortura y exterminio (CCDTyE) entre 1976 y 1978.<\/b>\u00a0Estaba ubicada en terrenos del Tercer Cuerpo de Ej\u00e9rcito, a la vera de la Ruta 20 que une C\u00f3rdoba Capital con Villa Carlos Paz. El campo de concentraci\u00f3n depend\u00eda del Destacamento de Inteligencia 141 de C\u00f3rdoba.<\/p>\n<p class=\"c-paragraph\"><b>Entre 2200 y 2500\u00a0<\/b>personas estuvieron secuestradas en esa mazmorra, seg\u00fan investigaciones del Archivo Provincial de la Memoria. La gran mayor\u00eda de las v\u00edctimas est\u00e1n desaparecidas.<\/p>\n<p class=\"c-paragraph\">Teresa Meschiati, que estuvo all\u00ed secuestrada, dej\u00f3 una frase contundente sobre cu\u00e1l era la mec\u00e1nica del exterminio en ese campo de concentraci\u00f3n:\u00a0<b>\u201cAs\u00ed como en la ESMA se iban para arriba, nosotros nos \u00edbamos para abajo\u201d.<\/b><\/p>\n<p class=\"c-paragraph\">En C\u00f3rdoba, los vuelos de la muerte no fueron la modalidad predominante para hacer desaparecer los cuerpos de las v\u00edctimas, sino los enterramientos. En La Perla se hablaba de los pozos, del metro ochenta o de ver crecer los rabanitos desde abajo. Esos eran los eufemismos siniestros a los que recurr\u00edan los oficiales que eran due\u00f1os de la vida y de la muerte.<\/p>\n<p class=\"c-paragraph\">Hab\u00eda toda una din\u00e1mica propia del exterminio. Los secuestrados que iban a ser \u201ctrasladados\u201d eran preparados. Se los separaba de la cuadra donde estaba el resto de sus compa\u00f1eros. Les pon\u00edan una venda en los ojos y una mordaza en la boca para que no pudieran gritar. Les sujetaban tambi\u00e9n las manos por detr\u00e1s. Despu\u00e9s eran subidos a un cami\u00f3n Mercedes-Benz. Con jactancia de su perversidad, los represores hablaban de los \u201cMen\u00e9ndez Benz\u201d porque eran los veh\u00edculos que estaban al servicio de Luciano Benjam\u00edn Men\u00e9ndez, comandante del Tercer Cuerpo de Ej\u00e9rcito.<\/p>\n<p class=\"c-paragraph\">En los primeros meses de la dictadura, los traslados eran masivos. Las trasladadas pod\u00edan ser entre 60 o 70 personas. Con el paso del tiempo, el n\u00famero fue menguando. Los camiones sol\u00edan llegar a las tres o cuatro de la tarde, cargaban a los prisioneros que ser\u00edan asesinados y part\u00edan. En general, estaban de regreso en un lapso breve: entre 20 y 30 minutos.\u00a0<b>\u201cLo que daba la idea de que el lugar de fusilamiento estaba dentro de los terrenos de la misma guarnici\u00f3n militar\u201d<\/b>, dej\u00f3 establecido el tribunal oral que estuvo a cargo de la megacausa La Perla.<\/p>\n<p class=\"c-paragraph\">Hubo militares que hablaron sobre la metodolog\u00eda de exterminio en La Perla. Uno de ellos fue el teniente coronel Guillermo Enrique Bruno Laborda, quien en 2004 present\u00f3 un reclamo porque no hab\u00eda sido ascendido a coronel. En ese escrito, Bruno Laborda reconoci\u00f3 haber actuado en La Perla e intervenido en tres fusilamientos \u2014incluido el de una mujer que acababa de parir\u2014. En su descargo, detall\u00f3 que despu\u00e9s de las ejecuciones arrojaban el cuerpo en un pozo y le prend\u00edan fuego. Tambi\u00e9n afirm\u00f3 que hab\u00eda participado \u201cactivamente\u201d en la remoci\u00f3n de los cad\u00e1veres en 1979, meses antes de que la Comisi\u00f3n Interamericana de Derechos Humanos (CIDH) visitara el pa\u00eds para documentar las denuncias contra la dictadura. Seg\u00fan la versi\u00f3n de Bruno Laborda, se usaron m\u00e1quinas del Batall\u00f3n de Ingenieros de Construcciones 141 para sacar los restos, que luego eran \u201ccompactados\u201d y arrojados en las proximidades de una salina de La Rioja.<\/p>\n<p class=\"c-paragraph\">Existieron tambi\u00e9n vecinos que vieron cu\u00e1l era la din\u00e1mica. Tal fue el caso de Jos\u00e9 Juli\u00e1n Solanille, un trabajador rural que se acerc\u00f3 a la Comisi\u00f3n Nacional sobre la Desaparici\u00f3n de Personas (Conadep) y declar\u00f3 luego en los juicios. Solanille habl\u00f3 de los camiones que se iban hacia\u00a0<b>la Loma del Torito<\/b>, las explosiones que se escuchaban despu\u00e9s y de los enterramientos que \u00e9l mismo lleg\u00f3 a contabilizar.<\/p>\n<h2 class=\"p12-article-body__h2\">El trabajo del EAAF<\/h2>\n<p class=\"c-paragraph\"><b>Entre septiembre y noviembre del a\u00f1o pasado, el EAAF estuvo excavando en la zona de Loma del Torito<\/b>, que se encuentra dentro del predio militar de La Calera. En la zona lindera a La Perla existieron b\u00fasquedas desde 2004, pero nunca de esta magnitud. En 2014, el EAAF logr\u00f3 identificar a cuatro estudiantes cuyos restos fueron encontrados en los hornos de cal de La Ochoa.<\/p>\n<p class=\"c-paragraph\">Otra novedad fue el acceso a fotograf\u00edas a\u00e9reas de 1979 \u2014que mostraban los cambios en el terreno de los que hab\u00edan hablado Bruno Laborda y otros militares\u2014 que fueron analizadas por el Equipo de Geolog\u00eda Forense de la Universidad Nacional de R\u00edo Cuarto (UNRC).<\/p>\n<p class=\"c-paragraph\">En el comunicado que emiti\u00f3 el juzgado de Vaca Narvaja se habla de \u201cresultados parciales\u201d, lo que da cuenta de que\u00a0<b>se podr\u00eda estar trabajando en la identificaci\u00f3n de otras v\u00edctimas.<\/b>\u00a0Desde el EAAF resaltaron la importancia de que las familias de personas desaparecidas actualicen sus datos de contacto.<\/p>\n<p class=\"c-paragraph\">La intenci\u00f3n de las familias es que la b\u00fasqueda se profundice durante este a\u00f1o. Por lo que pudo saber este diario, la perspectiva es que el EAAF haga excavaciones en todo el terreno de Loma del Torito y trabaje en base a otras hip\u00f3tesis que surgen del an\u00e1lisis de documentaci\u00f3n y testimonios.<\/p>\n<p class=\"c-paragraph\">A pocos d\u00edas de que se cumplan los 50 a\u00f1os del inicio de la dictadura, la identificaci\u00f3n de las doce v\u00edctimas no hace m\u00e1s que mostrar que la verdad \u2014por m\u00e1s que se la sepulte o se la niegue\u2014 termina saliendo a la luz.<\/p>\n","protected":false},"excerpt":{"rendered":"<p>No hay mejor ant\u00eddoto contra la negaci\u00f3n que la evidencia. No hay b\u00e1lsamo m\u00e1s eficaz que la verdad. Tras d\u00e9cadas de b\u00fasqueda, la\u00a0justicia federal de C\u00f3rdoba\u00a0inform\u00f3 que\u00a0identific\u00f3 los restos de doce detenidos-desaparecidos\u00a0en el predio donde funcion\u00f3 el\u00a0campo de concentraci\u00f3n de La Perla. Las doce familias que recibir\u00e1n la noticia estar\u00e1n frente a una certeza \u2014desgarradora\u2014: [&hellip;]<\/p>\n","protected":false},"author":2,"featured_media":33594,"comment_status":"open","ping_status":"open","sticky":false,"template":"","format":"standard","meta":{"footnotes":""},"categories":[64],"tags":[],"class_list":["post-33593","post","type-post","status-publish","format-standard","has-post-thumbnail","hentry","category-nacionales"],"_links":{"self":[{"href":"https:\/\/radiosurfm.com\/web\/wp-json\/wp\/v2\/posts\/33593","targetHints":{"allow":["GET"]}}],"collection":[{"href":"https:\/\/radiosurfm.com\/web\/wp-json\/wp\/v2\/posts"}],"about":[{"href":"https:\/\/radiosurfm.com\/web\/wp-json\/wp\/v2\/types\/post"}],"author":[{"embeddable":true,"href":"https:\/\/radiosurfm.com\/web\/wp-json\/wp\/v2\/users\/2"}],"replies":[{"embeddable":true,"href":"https:\/\/radiosurfm.com\/web\/wp-json\/wp\/v2\/comments?post=33593"}],"version-history":[{"count":1,"href":"https:\/\/radiosurfm.com\/web\/wp-json\/wp\/v2\/posts\/33593\/revisions"}],"predecessor-version":[{"id":33595,"href":"https:\/\/radiosurfm.com\/web\/wp-json\/wp\/v2\/posts\/33593\/revisions\/33595"}],"wp:featuredmedia":[{"embeddable":true,"href":"https:\/\/radiosurfm.com\/web\/wp-json\/wp\/v2\/media\/33594"}],"wp:attachment":[{"href":"https:\/\/radiosurfm.com\/web\/wp-json\/wp\/v2\/media?parent=33593"}],"wp:term":[{"taxonomy":"category","embeddable":true,"href":"https:\/\/radiosurfm.com\/web\/wp-json\/wp\/v2\/categories?post=33593"},{"taxonomy":"post_tag","embeddable":true,"href":"https:\/\/radiosurfm.com\/web\/wp-json\/wp\/v2\/tags?post=33593"}],"curies":[{"name":"wp","href":"https:\/\/api.w.org\/{rel}","templated":true}]}}