{"id":33596,"date":"2026-03-11T13:36:22","date_gmt":"2026-03-11T16:36:22","guid":{"rendered":"https:\/\/radiosurfm.com\/web\/?p=33596"},"modified":"2026-03-11T13:36:22","modified_gmt":"2026-03-11T16:36:22","slug":"comenzo-la-campana-antigripal-2026-en-todo-el-pais-quienes-tienen-que-vacunarse","status":"publish","type":"post","link":"https:\/\/radiosurfm.com\/web\/2026\/03\/11\/comenzo-la-campana-antigripal-2026-en-todo-el-pais-quienes-tienen-que-vacunarse\/","title":{"rendered":"Comenz\u00f3 la campa\u00f1a antigripal 2026 en todo el pa\u00eds: qui\u00e9nes tienen que vacunarse"},"content":{"rendered":"<p class=\"c-paragraph\">Este mi\u00e9rcoles arranca la\u00a0<b>campa\u00f1a de vacunaci\u00f3n antigripal 2026<\/b>\u00a0en todo el pa\u00eds. La iniciativa<b>\u00a0se adelant\u00f3 tres semanas\u00a0<\/b>con respecto al a\u00f1o pasado, para llegar a cubrir a la poblaci\u00f3n objetivo antes de la<b>\u00a0temporada de virus respiratorios<\/b>\u00a0y la circulaci\u00f3n una\u00a0<b>nueva variante de influenza A (H3N2)<\/b>, que presenta\u00a0<b>mayor transmisibilidad<\/b>.<\/p>\n<p class=\"c-paragraph\">Seg\u00fan inform\u00f3 del Ministerio de Salud, la campa\u00f1a busca garantizar mayor inmunidad a aquellos\u00a0<b>grupos de la poblaci\u00f3n que pueden desarrollar complicaciones<\/b>\u00a0y<b>\u00a0cuadros de mayor gravedad<\/b>\u00a0y reducir el impacto de la enfermedad en el sistema de salud.<\/p>\n<h2 class=\"p12-article-body__h2\">Campa\u00f1a antigripal 2026: qui\u00e9nes tienen que vacunarse<\/h2>\n<p class=\"c-paragraph\">La vacunaci\u00f3n antigripal est\u00e1 indicada para\u00a0<b>ni\u00f1os entre 6 y 24 meses<\/b>,\u00a0<b>personal de salud, personas mayores de 65 a\u00f1os, embarazadas y pu\u00e9rperas\u00a0<\/b>(hasta 10 d\u00edas posteriores al egreso de la maternidad si no fueron vacunadas durante el embarazo) y\u00a0<b>personas de cualquier edad con factores de riesgo<\/b>.<\/p>\n<p class=\"c-paragraph\">La<b>\u00a0vacuna est\u00e1 disponible en hospitales p\u00fablicos, centros de salud y vacunatorios de todo el pa\u00eds<\/b>\u00a0y puede aplicarse de manera simult\u00e1nea con otras vacunas del Calendario Nacional.<\/p>\n<p class=\"c-paragraph\">Desde la cartera sanitaria llamaron a la poblaci\u00f3n a vacunarse y resaltaron que \u201ct<b>odas las vacunas del calendario de vacunaci\u00f3n son seguras, probadas hace a\u00f1os, respaldadas por evidencia cient\u00edfica y eficaces para prevenir enfermedades&#8221;<\/b>.<\/p>\n<p class=\"c-paragraph\">Con el adelanto de la campa\u00f1a, el trabajo integral de preparaci\u00f3n, y la implementaci\u00f3n de herramientas de monitoreo en tiempo real, el Ministerio de Salud busca fortalecer la respuesta del sistema sanitario frente al inicio anticipado de la circulaci\u00f3n de virus respiratorios. En este marco, la cartera sanitaria trabaja para\u00a0<b>mejorar las coberturas de vacunaci\u00f3n en todo el pa\u00eds<\/b>, especialmente en la poblaci\u00f3n mayor de 65 a\u00f1os, uno de los grupos con mayor riesgo de complicaciones.<\/p>\n<p class=\"c-paragraph\">El Ministerio adquiri\u00f3 8.160.000 dosis, de las cuales 4.700.000 corresponden a la vacuna antigripal para adultos; 2.300.000, a la adyuvantada (aTIV); y 1.160.000 a la antigripal pedi\u00e1trica<b>. Las vacunas comenzaron a distribuirse a las jurisdicciones los primeros d\u00edas de febrero<\/b>, ya se enviaron m\u00e1s de 1.800.000 dosis a todo el pa\u00eds y se prev\u00e9 un pr\u00f3ximo env\u00edo de 1.018.640 dosis antes de que finalice marzo.<\/p>\n<p class=\"c-paragraph\">Con el adelanto de la campa\u00f1a, el trabajo integral de preparaci\u00f3n, y la implementaci\u00f3n de herramientas de monitoreo en tiempo real, el Ministerio de Salud busca fortalecer la respuesta del sistema sanitario frente al inicio anticipado de la circulaci\u00f3n de virus respiratorios. En este marco, la cartera sanitaria trabaja para\u00a0<b>mejorar las coberturas de vacunaci\u00f3n en todo el pa\u00eds<\/b>, especialmente en la poblaci\u00f3n mayor de 65 a\u00f1os, uno de los grupos con mayor riesgo de complicaciones.<\/p>\n<p class=\"c-paragraph\">El Ministerio adquiri\u00f3 8.160.000 dosis, de las cuales 4.700.000 corresponden a la vacuna antigripal para adultos; 2.300.000, a la adyuvantada (aTIV); y 1.160.000 a la antigripal pedi\u00e1trica<b>. Las vacunas comenzaron a distribuirse a las jurisdicciones los primeros d\u00edas de febrero<\/b>, ya se enviaron m\u00e1s de 1.800.000 dosis a todo el pa\u00eds y se prev\u00e9 un pr\u00f3ximo env\u00edo de 1.018.640 dosis antes de que finalice marzo.<\/p>\n","protected":false},"excerpt":{"rendered":"<p>Este mi\u00e9rcoles arranca la\u00a0campa\u00f1a de vacunaci\u00f3n antigripal 2026\u00a0en todo el pa\u00eds. La iniciativa\u00a0se adelant\u00f3 tres semanas\u00a0con respecto al a\u00f1o pasado, para llegar a cubrir a la poblaci\u00f3n objetivo antes de la\u00a0temporada de virus respiratorios\u00a0y la circulaci\u00f3n una\u00a0nueva variante de influenza A (H3N2), que presenta\u00a0mayor transmisibilidad. Seg\u00fan inform\u00f3 del Ministerio de Salud, la campa\u00f1a busca garantizar [&hellip;]<\/p>\n","protected":false},"author":2,"featured_media":33597,"comment_status":"open","ping_status":"open","sticky":false,"template":"","format":"standard","meta":{"footnotes":""},"categories":[64,69],"tags":[],"class_list":["post-33596","post","type-post","status-publish","format-standard","has-post-thumbnail","hentry","category-nacionales","category-salud"],"_links":{"self":[{"href":"https:\/\/radiosurfm.com\/web\/wp-json\/wp\/v2\/posts\/33596","targetHints":{"allow":["GET"]}}],"collection":[{"href":"https:\/\/radiosurfm.com\/web\/wp-json\/wp\/v2\/posts"}],"about":[{"href":"https:\/\/radiosurfm.com\/web\/wp-json\/wp\/v2\/types\/post"}],"author":[{"embeddable":true,"href":"https:\/\/radiosurfm.com\/web\/wp-json\/wp\/v2\/users\/2"}],"replies":[{"embeddable":true,"href":"https:\/\/radiosurfm.com\/web\/wp-json\/wp\/v2\/comments?post=33596"}],"version-history":[{"count":1,"href":"https:\/\/radiosurfm.com\/web\/wp-json\/wp\/v2\/posts\/33596\/revisions"}],"predecessor-version":[{"id":33598,"href":"https:\/\/radiosurfm.com\/web\/wp-json\/wp\/v2\/posts\/33596\/revisions\/33598"}],"wp:featuredmedia":[{"embeddable":true,"href":"https:\/\/radiosurfm.com\/web\/wp-json\/wp\/v2\/media\/33597"}],"wp:attachment":[{"href":"https:\/\/radiosurfm.com\/web\/wp-json\/wp\/v2\/media?parent=33596"}],"wp:term":[{"taxonomy":"category","embeddable":true,"href":"https:\/\/radiosurfm.com\/web\/wp-json\/wp\/v2\/categories?post=33596"},{"taxonomy":"post_tag","embeddable":true,"href":"https:\/\/radiosurfm.com\/web\/wp-json\/wp\/v2\/tags?post=33596"}],"curies":[{"name":"wp","href":"https:\/\/api.w.org\/{rel}","templated":true}]}}