{"id":33632,"date":"2026-03-13T17:23:41","date_gmt":"2026-03-13T20:23:41","guid":{"rendered":"https:\/\/radiosurfm.com\/web\/?p=33632"},"modified":"2026-03-13T17:23:41","modified_gmt":"2026-03-13T20:23:41","slug":"identifican-en-la-perla-los-restos-de-dos-militantes-secuestrados-en-1977","status":"publish","type":"post","link":"https:\/\/radiosurfm.com\/web\/2026\/03\/13\/identifican-en-la-perla-los-restos-de-dos-militantes-secuestrados-en-1977\/","title":{"rendered":"Identifican en La Perla los restos de dos militantes secuestrados en 1977"},"content":{"rendered":"<p class=\"c-paragraph\">El<b>\u00a0Equipo Argentino de Antropolog\u00eda Forense<\/b>\u00a0(EAAF) identific\u00f3 los restos y dio a conocer los nombres de<b>\u00a0dos v\u00edctimas del terrorismo de Estado<\/b>\u00a0hallados en el predio del excentro clandestino de detenci\u00f3n\u00a0<b>La Perla,\u00a0<\/b>en<b>\u00a0C\u00f3rdoba.<\/b>\u00a0Ambos militantes, secuestrados en 1977, se suman a\u00a0Mario N\u00edvoli, identificado este jueves por el EAAF.<\/p>\n<p class=\"c-paragraph\">Los nuevos identificados son Ramiro Bustillo Rubio y Oscar Omar Reyes,\u00a0<b>secuestrados el 18 de octubre de 1977\u00a0<\/b>que permanecieron cautivos en el circuito represivo que inclu\u00eda ese centro y el Departamento de Informaciones de la Polic\u00eda de C\u00f3rdoba (D2).\u00a0<b>Entre 2 mil y 2500 personas pasaron por all\u00ed durante el terrorismo de Estado<\/b>.<\/p>\n<h2 class=\"p12-article-body__h2\">Dos vidas, dos familias que esperaron<\/h2>\n<p class=\"c-paragraph\"><b>Ramiro Bustillo Rubio<\/b>\u00a0ten\u00eda 27 a\u00f1os. Hab\u00eda nacido en San Rafael, Mendoza, y estudiaba ingenier\u00eda en la\u00a0<b>Universidad Nacional de C\u00f3rdoba<\/b>. Como muchos j\u00f3venes de su generaci\u00f3n, estudiaba y trabajaba al mismo tiempo. Era dibujante t\u00e9cnico en la automotriz Fiat. Militaba en el Partido Comunista y ten\u00eda una familia que lo esperaba.<\/p>\n<p class=\"c-paragraph\"><b>Oscar Omar Reyes\u00a0<\/b>ten\u00eda 45 a\u00f1os, era ingeniero mec\u00e1nico, obrero en la misma empresa y\u00a0<b>padre de cinco hijos.<\/b>\u00a0Hab\u00eda nacido en Banfield, provincia de Buenos Aires. El d\u00eda que lo secuestraron iba camino a una reuni\u00f3n pol\u00edtica. Desde entonces, su familia no dej\u00f3 de buscarlo.<\/p>\n<h2 class=\"p12-article-body__h2\">La verdad que llega d\u00e9cadas despu\u00e9s<\/h2>\n<p class=\"c-paragraph\">Los dos pasaron por el D2 y luego por La Perla, uno de los mayores centros clandestinos de detenci\u00f3n, tortura y exterminio que funcionaron durante la dictadura. Sus restos fueron encontrados en el sector conocido como\u00a0<b>Loma del Torito<\/b>\u00a0y pudieron ser identificados gracias al trabajo cient\u00edfico del EAAF.<\/p>\n<p class=\"c-paragraph\">Este jueves, se anunci\u00f3 que entre los restos encontrados en La Perla estaban los de<b>\u00a0Mario N\u00edvoli<\/b>, que ten\u00eda 28 a\u00f1os cuando fue secuestrado el 14 de febrero de 1977 por las fuerzas del Tercer Cuerpo del Ej\u00e9rcito que comandaba Luciano Benjam\u00edn Men\u00e9ndez. Oriundo de la localidad cordobesa de Ucacha,\u00a0<b>estudi\u00f3 Ingenier\u00eda Qu\u00edmica en la Universidad Nacional del Litoral y milit\u00f3 en la Juventud Universitaria Peronista<\/b>.<\/p>\n<p class=\"c-paragraph\">El joven fue detenido ilegalmente frente a su familia por un grupo de tareas.\u00a0<b>Tras el secuestro fue trasladado al centro clandestino de detenci\u00f3n, tortura y exterminio de La Perla<\/b>, que operaba bajo la \u00f3rbita del militar Luciano Benjam\u00edn Men\u00e9ndez.<\/p>\n<p class=\"c-paragraph\">Por su secuestro fueron juzgados Men\u00e9ndez y otros represores en la megacausa La Perla-La Ribera-D2. En 2016, el Tribunal Oral Federal N\u00b01 de C\u00f3rdoba<b>\u00a0conden\u00f3 a 38 represores a prisi\u00f3n perpetua e inhabilitaci\u00f3n absoluta y perpetua<\/b>. Hubo cinco absoluciones.<\/p>\n<p class=\"c-paragraph\">La causa se centr\u00f3 en 711 casos ocurridos en La Perla y Campo Rivera.\u00a0<b>Uno de los condenados fue Men\u00e9ndez<\/b>, en una de las trece sentencias a prisi\u00f3n perpetua que recibi\u00f3 antes de morir en 2018.<\/p>\n<h2 class=\"p12-article-body__h2\">La palabra de la hija<\/h2>\n<p class=\"c-paragraph\">Mar\u00eda Soledad N\u00edvoli, la hija del militante, manifest\u00f3 en declaraciones radiales que la identificaci\u00f3n de los restos \u201ces una sensaci\u00f3n enorme de justicia\u201d.\u00a0<b>Y consider\u00f3 que \u201cya no soy hija de un desaparecido\u201d<\/b>.<\/p>\n<p class=\"c-paragraph\">Se enter\u00f3 de la noticia cuando iba con su marido a buscar al hijo de ambos. \u201cLo primero que sent\u00ed fue un llanto explosivo.\u00a0<b>Estaba saliendo de la escuela de mi hijo Emiliano, que tiene ocho a\u00f1os, cuando me llam\u00f3 el abogado<\/b>\u00a0Ramiro Fresneda. Nunca pens\u00e9 que esa llamada iba a ser por esto\u201d.<\/p>\n<p class=\"c-paragraph\">Se\u00f1al\u00f3 que\u00a0<b>\u201clo primero que sent\u00ed fue alivio y paz\u201d<\/b>. Apunt\u00f3 que \u201cmi pap\u00e1 dej\u00f3 de ser desaparecido. Ahora soy hu\u00e9rfana de padre. Mi pap\u00e1 est\u00e1 muerto\u201d.<\/p>\n<p class=\"c-paragraph\">Por\u00a0<i>Cadena 3\u00a0<\/i>mand\u00f3 un mensaje: \u201cDecirles a quienes secuestraron y mataron a mi pap\u00e1 que ya no pueden seguir cometiendo ese crimen.\u00a0<b>Lo siguieron cometiendo durante todos estos a\u00f1os al mantenerlo desaparecido\u201d<\/b>.<\/p>\n","protected":false},"excerpt":{"rendered":"<p>El\u00a0Equipo Argentino de Antropolog\u00eda Forense\u00a0(EAAF) identific\u00f3 los restos y dio a conocer los nombres de\u00a0dos v\u00edctimas del terrorismo de Estado\u00a0hallados en el predio del excentro clandestino de detenci\u00f3n\u00a0La Perla,\u00a0en\u00a0C\u00f3rdoba.\u00a0Ambos militantes, secuestrados en 1977, se suman a\u00a0Mario N\u00edvoli, identificado este jueves por el EAAF. Los nuevos identificados son Ramiro Bustillo Rubio y Oscar Omar Reyes,\u00a0secuestrados el [&hellip;]<\/p>\n","protected":false},"author":2,"featured_media":33633,"comment_status":"open","ping_status":"open","sticky":false,"template":"","format":"standard","meta":{"footnotes":""},"categories":[64],"tags":[],"class_list":["post-33632","post","type-post","status-publish","format-standard","has-post-thumbnail","hentry","category-nacionales"],"_links":{"self":[{"href":"https:\/\/radiosurfm.com\/web\/wp-json\/wp\/v2\/posts\/33632","targetHints":{"allow":["GET"]}}],"collection":[{"href":"https:\/\/radiosurfm.com\/web\/wp-json\/wp\/v2\/posts"}],"about":[{"href":"https:\/\/radiosurfm.com\/web\/wp-json\/wp\/v2\/types\/post"}],"author":[{"embeddable":true,"href":"https:\/\/radiosurfm.com\/web\/wp-json\/wp\/v2\/users\/2"}],"replies":[{"embeddable":true,"href":"https:\/\/radiosurfm.com\/web\/wp-json\/wp\/v2\/comments?post=33632"}],"version-history":[{"count":1,"href":"https:\/\/radiosurfm.com\/web\/wp-json\/wp\/v2\/posts\/33632\/revisions"}],"predecessor-version":[{"id":33634,"href":"https:\/\/radiosurfm.com\/web\/wp-json\/wp\/v2\/posts\/33632\/revisions\/33634"}],"wp:featuredmedia":[{"embeddable":true,"href":"https:\/\/radiosurfm.com\/web\/wp-json\/wp\/v2\/media\/33633"}],"wp:attachment":[{"href":"https:\/\/radiosurfm.com\/web\/wp-json\/wp\/v2\/media?parent=33632"}],"wp:term":[{"taxonomy":"category","embeddable":true,"href":"https:\/\/radiosurfm.com\/web\/wp-json\/wp\/v2\/categories?post=33632"},{"taxonomy":"post_tag","embeddable":true,"href":"https:\/\/radiosurfm.com\/web\/wp-json\/wp\/v2\/tags?post=33632"}],"curies":[{"name":"wp","href":"https:\/\/api.w.org\/{rel}","templated":true}]}}