{"id":33638,"date":"2026-03-13T17:32:51","date_gmt":"2026-03-13T20:32:51","guid":{"rendered":"https:\/\/radiosurfm.com\/web\/?p=33638"},"modified":"2026-03-13T17:32:51","modified_gmt":"2026-03-13T20:32:51","slug":"por-que-el-noroeste-y-la-region-de-cuyo-tuvieron-una-inflacion-mas-alta-en-febrero","status":"publish","type":"post","link":"https:\/\/radiosurfm.com\/web\/2026\/03\/13\/por-que-el-noroeste-y-la-region-de-cuyo-tuvieron-una-inflacion-mas-alta-en-febrero\/","title":{"rendered":"\u00bfPor qu\u00e9 el Noroeste y la regi\u00f3n de Cuyo tuvieron una inflaci\u00f3n m\u00e1s alta en febrero?"},"content":{"rendered":"<p class=\"c-paragraph\">A pesar de la pol\u00edtica de ajuste,\u00a0<b>la inflaci\u00f3n encaden\u00f3 un noveno consecutivo sin ir a la baja<\/b>.\u00a0El dato de febrero fue 2,9%, con Vivienda y Servicios del hogar y Alimentos a la cabeza de los aumentos.\u00a0<b>Pero los incrementos no se dieron de la misma manera en todo el pa\u00eds<\/b>.<\/p>\n<p class=\"c-paragraph\">El\u00a0<b>Noroeste\u00a0<\/b>(Jujuy, Salta, Tucum\u00e1n, Catamarca, La Rioja y Santiago del Estero) y la regi\u00f3n de\u00a0<b>Cuyo\u00a0<\/b>(Mendoza, San Juan y San Luis) sufrieron incrementos de 3,5% y 3,4% respectivamente,\u00a0<b>medio punto porcentual por encima de la media nacional<\/b>.<\/p>\n<h2 class=\"p12-article-body__h2\">La comida, la vivienda y los servicios se encarecen en el NOA<\/h2>\n<p class=\"c-paragraph\">En las\u00a0<b>regiones m\u00e1s pobres del pa\u00eds<\/b>\u00a0como el Noroeste (NOA), los hogares\u00a0<b>destinan casi todos sus ingresos a la comida y a la vivienda<\/b>, sin margen para consumir otro tipo de bienes denominados secundarios. Es por eso que all\u00ed el INDEC pondera m\u00e1s este tipo de bienes y servicios a la hora de calcular la inflaci\u00f3n.<\/p>\n<div id=\"ad-slot-video_inread\" class=\"ad-slot-video_inread ad-slot\" data-adtype=\"video_inread\" data-google-query-id=\"CLPptP3bnZMDFRVXuAQd2e4OPQ\">\n<div id=\"google_ads_iframe_\/349353471\/p12\/nota_video_inread_0__container__\"><iframe id=\"google_ads_iframe_\/349353471\/p12\/nota_video_inread_0\" tabindex=\"0\" title=\"Contenido de anuncios de terceros\" name=\"google_ads_iframe_\/349353471\/p12\/nota_video_inread_0\" width=\"1\" height=\"1\" frameborder=\"0\" marginwidth=\"0\" marginheight=\"0\" scrolling=\"no\" aria-label=\"Anuncio\" data-load-complete=\"true\" data-google-container-id=\"3\" data-mce-fragment=\"1\"><\/iframe><\/div>\n<\/div>\n<p class=\"c-paragraph\"><b>Los alimentos aumentaron 4,3% en el NOA<\/b>, muy por encima del 3,1% del Gran Buenos Aires. Si bien en el Noreste (NEA) \u2014que comparte las caracter\u00edsticas antes mencionadas\u2014 el incremento fue peor (4,7%), la diferencia es que en el Noroeste la Vivienda y los servicios subieron en promedio 9,2%. Lo hicieron de la mano de un<b>\u00a0aumento mensual de la luz por encima del 11% ante la quita de subsidios<\/b>.<\/p>\n<p class=\"c-paragraph\"><b>\u201cEn la regi\u00f3n los costos log\u00edsticos son m\u00e1s altos<\/b>. Los bienes que se consumen en Salta, por ejemplo, vienen de la Regi\u00f3n Pampeana o del AMBA, entonces\u00a0<b>eso encarece los precios finales<\/b>\u201d, explica Valeria Mu\u00f1oz, economista salte\u00f1a, en di\u00e1logo con\u00a0<b>P\u00e1gina|12<\/b>.<\/p>\n<p class=\"c-paragraph\">La profesional del Instituto de Investigaciones Econ\u00f3micas de la Universidad de Salta agrega que\u00a0<b>\u201clas econom\u00edas regionales tienen mercados m\u00e1s concentrados, donde las empresas trasladan los aumentos a los consumidores con mayor facilidad\u201d<\/b>.<\/p>\n<p class=\"c-paragraph\"><b>Las verduras subieron 6,3% y las carnes 6,2%<\/b>. \u201cPor el precio de la carne vacuna,\u00a0<b>la gente empez\u00f3 a consumir m\u00e1s pollo<\/b>. Pero\u00a0<b>por la imposibilidad de producir m\u00e1s ante el aumento de la demanda, el precio del pollo tambi\u00e9n empez\u00f3 a aumentar mucho<\/b>\u201d, advierte Mu\u00f1oz.<\/p>\n<p class=\"c-paragraph\">Justamente el pollo subi\u00f3 en torno al 9% en el NOA, muy por arriba del promedio de la carne. A nivel nacional\u00a0<b>se come pollo y cerdo a niveles r\u00e9cord<\/b>, mientras que en estos dos a\u00f1os<a title=\"https:\/\/www.pagina12.com.ar\/2026\/02\/05\/el-consumo-de-carne-esta-en-niveles-de-posguerra-pero-el-gobierno-lo-vende-como-un-logro\/\" href=\"https:\/\/www.pagina12.com.ar\/2026\/02\/05\/el-consumo-de-carne-esta-en-niveles-de-posguerra-pero-el-gobierno-lo-vende-como-un-logro\/\" target=\"_self\" rel=\"\"><b>\u00a0las carnes rojas tienen el peor consumo desde 1920<\/b><\/a>.<\/p>\n<p class=\"c-paragraph\">Por otro lado se dio un\u00a0<b>incremento del Transporte p\u00fablico en el orden del 8,8%<\/b>, ya que en enero hubo\u00a0<b>aumentos en el boleto de colectivo<\/b>. Pero esa tendencia contin\u00faa. Este mes ya se confirm\u00f3 la suba del m\u00ednimo en la capital juje\u00f1a hasta los $1274 y Mu\u00f1oz alerta que\u00a0<b>\u201cen Salta ya se hicieron audiencias p\u00fablicas para llevar el m\u00ednimo de $1150 a $1486\u2033<\/b>.<\/p>\n<h2 class=\"p12-article-body__h2\">El extra\u00f1o caso de Mendoza y Cuyo y la comparaci\u00f3n con la Ciudad de Buenos Aires<\/h2>\n<p class=\"c-paragraph\">La inflaci\u00f3n de Mendoza medida por el organismo de estad\u00edsticas local fue del 2,5% en febrero, pero el INDEC dio 3,4% en la regi\u00f3n de Cuyo, de la que Mendoza es la provincia m\u00e1s importante.\u00a0<b>\u201cHay una cuesti\u00f3n de componentes estacionales, por ejemplo con las verduras y frutas que no son de estaci\u00f3n, y eso impacta m\u00e1s fuerte\u201d<\/b>, asegura Nicol\u00e1s Aroma, director del Centro de Econom\u00eda y Finanzas Mendoza (CEFIM).<\/p>\n<p class=\"c-paragraph\"><b>En Cuyo los alimentos aumentaron 4,5%, con la carne en el orden del 6,2%, pero las verduras lo hicieron al 8,8%<\/b>, por lejos m\u00e1s que en cualquier otro lugar del pa\u00eds. El contador y especialista en finanzas p\u00fablicas explica que la inflaci\u00f3n provincial es m\u00e1s baja que la que mide el INDEC por la ca\u00edda de los precios estacionales del turismo, que tienen mucho m\u00e1s peso en el c\u00e1lculo del organismo local que para el nacional.<\/p>\n<p class=\"c-paragraph\">Sucede que febrero no es temporada alta como enero. Algo similar pas\u00f3 en la Ciudad de Buenos Aires (inflaci\u00f3n de 2,6%) con los precios de los boletos de avi\u00f3n, que cayeron 32,5% y empujaron hacia abajo el promedio.<b>\u00a0En Cuyo tambi\u00e9n se registr\u00f3 una gran suba en Vivienda y servicios, de casi 11%, motorizado por la luz que subi\u00f3 16,7%<\/b>.<\/p>\n<p class=\"c-paragraph\">Tras un a\u00f1o electoral donde no las toc\u00f3 mucho, el Gobierno encar\u00f3 una quita de subsidios a la luz y el gas para 2026. \u201cSi comparamos estos dos a\u00f1os con el promedio de los 8 anteriores,\u00a0<b>desde 2023 a la fecha Mendoza perdi\u00f3 700 millones de d\u00f3lares de coparticipaci\u00f3n y recaudaci\u00f3n por la baja de la actividad\u201d<\/b>, alerta Aroma.<\/p>\n<p class=\"c-paragraph\">El especialista asegura que es por eso que, m\u00e1s all\u00e1 de la quita de subvenciones de Naci\u00f3n, las Provincias tampoco pueden mantener sus propios subsidios.\u00a0<b>\u201cHace unos a\u00f1os las provincias eran todas superavitarias, el ajuste las hizo ser deficitarias\u201d<\/b>, sentencia.<\/p>\n","protected":false},"excerpt":{"rendered":"<p>A pesar de la pol\u00edtica de ajuste,\u00a0la inflaci\u00f3n encaden\u00f3 un noveno consecutivo sin ir a la baja.\u00a0El dato de febrero fue 2,9%, con Vivienda y Servicios del hogar y Alimentos a la cabeza de los aumentos.\u00a0Pero los incrementos no se dieron de la misma manera en todo el pa\u00eds. El\u00a0Noroeste\u00a0(Jujuy, Salta, Tucum\u00e1n, Catamarca, La Rioja [&hellip;]<\/p>\n","protected":false},"author":2,"featured_media":33639,"comment_status":"open","ping_status":"open","sticky":false,"template":"","format":"standard","meta":{"footnotes":""},"categories":[65,64],"tags":[],"class_list":["post-33638","post","type-post","status-publish","format-standard","has-post-thumbnail","hentry","category-economia","category-nacionales"],"_links":{"self":[{"href":"https:\/\/radiosurfm.com\/web\/wp-json\/wp\/v2\/posts\/33638","targetHints":{"allow":["GET"]}}],"collection":[{"href":"https:\/\/radiosurfm.com\/web\/wp-json\/wp\/v2\/posts"}],"about":[{"href":"https:\/\/radiosurfm.com\/web\/wp-json\/wp\/v2\/types\/post"}],"author":[{"embeddable":true,"href":"https:\/\/radiosurfm.com\/web\/wp-json\/wp\/v2\/users\/2"}],"replies":[{"embeddable":true,"href":"https:\/\/radiosurfm.com\/web\/wp-json\/wp\/v2\/comments?post=33638"}],"version-history":[{"count":1,"href":"https:\/\/radiosurfm.com\/web\/wp-json\/wp\/v2\/posts\/33638\/revisions"}],"predecessor-version":[{"id":33640,"href":"https:\/\/radiosurfm.com\/web\/wp-json\/wp\/v2\/posts\/33638\/revisions\/33640"}],"wp:featuredmedia":[{"embeddable":true,"href":"https:\/\/radiosurfm.com\/web\/wp-json\/wp\/v2\/media\/33639"}],"wp:attachment":[{"href":"https:\/\/radiosurfm.com\/web\/wp-json\/wp\/v2\/media?parent=33638"}],"wp:term":[{"taxonomy":"category","embeddable":true,"href":"https:\/\/radiosurfm.com\/web\/wp-json\/wp\/v2\/categories?post=33638"},{"taxonomy":"post_tag","embeddable":true,"href":"https:\/\/radiosurfm.com\/web\/wp-json\/wp\/v2\/tags?post=33638"}],"curies":[{"name":"wp","href":"https:\/\/api.w.org\/{rel}","templated":true}]}}