{"id":33641,"date":"2026-03-13T17:38:35","date_gmt":"2026-03-13T20:38:35","guid":{"rendered":"https:\/\/radiosurfm.com\/web\/?p=33641"},"modified":"2026-03-13T17:38:35","modified_gmt":"2026-03-13T20:38:35","slug":"diaz-canel-anuncio-que-cuba-inicio-conversaciones-con-estados-unidos","status":"publish","type":"post","link":"https:\/\/radiosurfm.com\/web\/2026\/03\/13\/diaz-canel-anuncio-que-cuba-inicio-conversaciones-con-estados-unidos\/","title":{"rendered":"D\u00edaz-Canel anunci\u00f3 que Cuba inici\u00f3 \u201cconversaciones\u201d con Estados Unidos"},"content":{"rendered":"<p class=\"c-paragraph\">El presidente de Cuba,\u00a0<b>Miguel D\u00edaz-Canel<\/b>, confirm\u00f3 que funcionarios de su gobierno mantuvieron en las \u00faltimas horas<b>\u00a0reuniones bilaterales<\/b>\u00a0con representantes de la Casa Blanca para\u00a0<b>\u201cbuscar soluciones\u201d<\/b>\u00a0ante\u00a0<b>las presiones que Donald Trump desat\u00f3 contra la isla<\/b>\u00a0en las \u00faltimas semanas.<\/p>\n<p class=\"c-paragraph\">El mandatario cubano no abund\u00f3 en detalles sobre el contenido espec\u00edfico de las conversaciones ni sobre los representantes estadounidenses involucrados, pero dej\u00f3 claro que\u00a0<b>la postura de su pa\u00eds se hizo correspondencia con la pol\u00edtica hist\u00f3rica de la Revoluci\u00f3n<\/b>.<\/p>\n<p class=\"c-paragraph\">La noticia fue dada a conocer a trav\u00e9s de un mensaje por la televisi\u00f3n cubana, en la que el mandatario local indic\u00f3 que\u00a0<b>esas \u201cconversaciones han estado orientadas a buscar soluciones por la v\u00eda del di\u00e1logo a las diferencias bilaterales que tenemos entre las dos naciones\u201d<\/b>.<\/p>\n<p class=\"c-paragraph\">La posici\u00f3n de La Habana frente a Washington fue tomada luego de una reuni\u00f3n entre el mandatario con integrantes del Bur\u00f3 Pol\u00edtico, el Secretariado del Comit\u00e9 Central y el Comit\u00e9 Ejecutivo del Consejo de Ministros.<\/p>\n<div id=\"ad-slot-video_inread\" class=\"ad-slot-video_inread ad-slot\" data-adtype=\"video_inread\" data-google-query-id=\"CL38iPPcnZMDFeM4uQYd9iUU-A\">\n<div id=\"google_ads_iframe_\/349353471\/p12\/nota_video_inread_0__container__\"><iframe id=\"google_ads_iframe_\/349353471\/p12\/nota_video_inread_0\" tabindex=\"0\" title=\"Contenido de anuncios de terceros\" name=\"google_ads_iframe_\/349353471\/p12\/nota_video_inread_0\" width=\"1\" height=\"1\" frameborder=\"0\" marginwidth=\"0\" marginheight=\"0\" scrolling=\"no\" aria-label=\"Anuncio\" data-load-complete=\"true\" data-google-container-id=\"2\" data-mce-fragment=\"1\"><\/iframe><\/div>\n<\/div>\n<p class=\"c-paragraph\">Seg\u00fan inform\u00f3 la agencia Prensa Latina, D\u00edaz-Canel precis\u00f3 que el prop\u00f3sito de las conversaciones fue\u00a0<b>identificar los problemas bilaterales que requieren soluci\u00f3n<\/b>\u00a0y que surgieron tras las amenazas de Trump sobre una posible intervenci\u00f3n a la isla como la que embisti\u00f3 contra Venezuela a principios de este a\u00f1o.<\/p>\n<p class=\"c-paragraph\">Asimismo, en la reuni\u00f3n tambi\u00e9n\u00a0<b>se abord\u00f3 \u201cla disposici\u00f3n de ambas partes para concretar acciones en beneficio de los pueblos\u201d, y encontrar \u201c\u00e1reas de cooperaci\u00f3n para enfrentar amenazas y garantizar la seguridad y la paz en la regi\u00f3n\u201d<\/b>.<\/p>\n<p class=\"c-paragraph\">Seg\u00fan la agencia estatal, el jefe de Estado cubano expres\u00f3 su voluntad de llevar a cabo este proceso \u201csobre\u00a0<b>bases de igualdad y respeto a los sistemas pol\u00edticos de ambos estados<\/b>, a la soberan\u00eda y la autodeterminaci\u00f3n de nuestros gobiernos\u201d. Siempre teniendo en cuenta un sentido de reciprocidad y apego al Derecho Internacional.<\/p>\n<p class=\"c-paragraph\">Remarc\u00f3 tambi\u00e9n que no es pr\u00e1ctica de La Habana \u201cresponder a campa\u00f1as especulativas sobre estos temas\u201d, y enfatiz\u00f3 que\u00a0<b>\u201cse trata de un proceso sensible que se conduce con seriedad y responsabilidad\u201d<\/b>, debido a que afecta los v\u00ednculos bilaterales y demanda \u201cenormes esfuerzos\u201d para crear espacios de entendimiento y\u00a0<b>\u201calejarse de la confrontaci\u00f3n\u201d<\/b>.<\/p>\n<p class=\"c-paragraph\">En su mensaje, D\u00edaz-Canel record\u00f3 los diferentes momentos en que, a lo largo de la historia de la Revoluci\u00f3n, se produjeron procesos de di\u00e1logo con el gobierno de Estados Unidos, liderados por\u00a0<b>Fidel y Ra\u00fal Castro<\/b>, siempre \u201csobre la base de la igualdad, la soberan\u00eda y la autodeterminaci\u00f3n\u201d.<\/p>\n<p class=\"c-paragraph\">Adem\u00e1s, el mandatario explic\u00f3 que\u00a0<b>estos intercambios se realizan en correspondencia con la pol\u00edtica hist\u00f3rica de la Revoluci\u00f3n Cubana<\/b>\u00a0y bajo la direcci\u00f3n de Ra\u00fal Castro, el Partido Comunista, el Estado y el gobierno.<\/p>\n<p class=\"c-paragraph\">Horas atr\u00e1s,\u00a0<b>el presidente cubano dej\u00f3 claro que \u201cCuba se rige por su Constituci\u00f3n y sus propias leyes\u201d<\/b>. A trav\u00e9s de un contundente posteo en las redes sociales, record\u00f3 que ayer se cumplieron 30 a\u00f1os de la ley estadounidense Helms-Burton, que refuerza el bloque sobre la isla sobre la base de una extraterritorialidad que Washington se autoatribuye.<\/p>\n<p class=\"c-paragraph\">Esa ley \u201cva contra todas las leyes\u201d, critic\u00f3 D\u00edaz Canel. \u201c\u00bfD\u00f3nde se ha visto legislar para otro pa\u00eds? \u00bfcon qu\u00e9 derecho? Rectifico. La Helms-Burton no es una ley. Es un engendro\u201d, cuestion\u00f3.<\/p>\n","protected":false},"excerpt":{"rendered":"<p>El presidente de Cuba,\u00a0Miguel D\u00edaz-Canel, confirm\u00f3 que funcionarios de su gobierno mantuvieron en las \u00faltimas horas\u00a0reuniones bilaterales\u00a0con representantes de la Casa Blanca para\u00a0\u201cbuscar soluciones\u201d\u00a0ante\u00a0las presiones que Donald Trump desat\u00f3 contra la isla\u00a0en las \u00faltimas semanas. El mandatario cubano no abund\u00f3 en detalles sobre el contenido espec\u00edfico de las conversaciones ni sobre los representantes estadounidenses involucrados, [&hellip;]<\/p>\n","protected":false},"author":2,"featured_media":33642,"comment_status":"open","ping_status":"open","sticky":false,"template":"","format":"standard","meta":{"footnotes":""},"categories":[70,64],"tags":[],"class_list":["post-33641","post","type-post","status-publish","format-standard","has-post-thumbnail","hentry","category-mundo","category-nacionales"],"_links":{"self":[{"href":"https:\/\/radiosurfm.com\/web\/wp-json\/wp\/v2\/posts\/33641","targetHints":{"allow":["GET"]}}],"collection":[{"href":"https:\/\/radiosurfm.com\/web\/wp-json\/wp\/v2\/posts"}],"about":[{"href":"https:\/\/radiosurfm.com\/web\/wp-json\/wp\/v2\/types\/post"}],"author":[{"embeddable":true,"href":"https:\/\/radiosurfm.com\/web\/wp-json\/wp\/v2\/users\/2"}],"replies":[{"embeddable":true,"href":"https:\/\/radiosurfm.com\/web\/wp-json\/wp\/v2\/comments?post=33641"}],"version-history":[{"count":1,"href":"https:\/\/radiosurfm.com\/web\/wp-json\/wp\/v2\/posts\/33641\/revisions"}],"predecessor-version":[{"id":33643,"href":"https:\/\/radiosurfm.com\/web\/wp-json\/wp\/v2\/posts\/33641\/revisions\/33643"}],"wp:featuredmedia":[{"embeddable":true,"href":"https:\/\/radiosurfm.com\/web\/wp-json\/wp\/v2\/media\/33642"}],"wp:attachment":[{"href":"https:\/\/radiosurfm.com\/web\/wp-json\/wp\/v2\/media?parent=33641"}],"wp:term":[{"taxonomy":"category","embeddable":true,"href":"https:\/\/radiosurfm.com\/web\/wp-json\/wp\/v2\/categories?post=33641"},{"taxonomy":"post_tag","embeddable":true,"href":"https:\/\/radiosurfm.com\/web\/wp-json\/wp\/v2\/tags?post=33641"}],"curies":[{"name":"wp","href":"https:\/\/api.w.org\/{rel}","templated":true}]}}